{"id":89814,"date":"2018-01-17T19:35:14","date_gmt":"2018-01-17T21:35:14","guid":{"rendered":"http:\/\/diarioregionaljf.com.br\/2018\/01\/17\/mendonca-filho-diz-que-vai-deixar-governo-para-se-candidatar\/"},"modified":"2018-01-17T19:35:14","modified_gmt":"2018-01-17T21:35:14","slug":"mendonca-filho-diz-que-vai-deixar-governo-para-se-candidatar","status":"publish","type":"post","link":"https:\/\/diarioregionaldigital.com.br\/?p=89814","title":{"rendered":"Mendon\u00e7a Filho diz que vai deixar governo para se candidatar"},"content":{"rendered":"<p>Mais um ministro do governo Michel Temer informou que vai deixar a pasta at\u00e9 abril para concorrer a um cargo eletivo no pleito de outubro. Mendon\u00e7a Filho, da Educa\u00e7\u00e3o, disse nessa quarta-feira, 17, que ser\u00e1 candidato, mas ainda n\u00e3o definiu o cargo a que vai concorrer. O ministro disse que trabalha com a data limite estabelecida pela legisla\u00e7\u00e3o eleitoral &#8211; 7 de abril &#8211; para sair do cargo.<\/p>\n<p>\u201cEu tenho um prazo dentro da lei, que \u00e9 7 de abril, e trabalho com essa data. N\u00e3o quer dizer que a gente esteja amarrado ao cargo, nunca estive, mas n\u00e3o tem nenhum planejamento de fixar uma data\u201d, disse em entrevista coletiva no Pal\u00e1cio do Planalto, ap\u00f3s cerim\u00f4nia de an\u00fancio de recursos para o Programa de Fomento \u00e0s Escolas de Ensino M\u00e9dio em Tempo Integral.<\/p>\n<p>Mendon\u00e7a disse que ainda n\u00e3o tratou do assunto com o presidente Temer e que isso ocorrer\u00e1 no momento oportuno. Diante da insist\u00eancia de jornalistas para que ele revelasse o cargo a que pretende concorrer nas elei\u00e7\u00f5es, Mendon\u00e7a respondeu \u201cvou consultar primeiro os eleitores para saber o que eles querem de mim\u201d.<\/p>\n<p>No in\u00edcio de janeiro, o ministro da Sa\u00fade, Ricardo Barros, atualmente licenciado do mandato de deputado federal (PP-PR), disse que deixa a pasta at\u00e9 abril para tentar a reelei\u00e7\u00e3o para o cargo no Congresso Nacional.<\/p>\n<p>Nos \u00faltimos dias de dezembro \u00faltimo, Ronaldo Nogueira, que tamb\u00e9m \u00e9 deputado federal (PTB-RS), pediu demiss\u00e3o do Minist\u00e9rio do Trabalho informando que deixava a pasta motivado pela candidatura nas pr\u00f3ximas elei\u00e7\u00f5es. No dia 3 de janeiro, o ministro da Ind\u00fastria, Com\u00e9rcio Exterior e Servi\u00e7os, Marcos Pereira, entregou carta de demiss\u00e3o ao presidente Michel Temer onde explicou que deixava a pasta para se dedicar a quest\u00f5es pessoais e partid\u00e1rias. Pereira \u00e9 presidente Nacional do PRB.<\/p>\n<p>Fonte: Ag\u00eancia Brasil<\/p>\n","protected":false},"excerpt":{"rendered":"<p>Mais um ministro do governo Michel Temer informou que vai deixar a pasta at\u00e9 abril para concorrer a um cargo eletivo no pleito de outubro. Mendon\u00e7a Filho, da Educa\u00e7\u00e3o, disse nessa quarta-feira, 17, que ser\u00e1 candidato, mas ainda n\u00e3o definiu o cargo a que vai concorrer. O ministro disse que trabalha com a data limite [&hellip;]<\/p>\n","protected":false},"author":96,"featured_media":89813,"comment_status":"closed","ping_status":"closed","sticky":false,"template":"","format":"standard","meta":{"footnotes":""},"categories":[254],"tags":[],"class_list":["post-89814","post","type-post","status-publish","format-standard","has-post-thumbnail","hentry","category-politica"],"_links":{"self":[{"href":"https:\/\/diarioregionaldigital.com.br\/index.php?rest_route=\/wp\/v2\/posts\/89814","targetHints":{"allow":["GET"]}}],"collection":[{"href":"https:\/\/diarioregionaldigital.com.br\/index.php?rest_route=\/wp\/v2\/posts"}],"about":[{"href":"https:\/\/diarioregionaldigital.com.br\/index.php?rest_route=\/wp\/v2\/types\/post"}],"author":[{"embeddable":true,"href":"https:\/\/diarioregionaldigital.com.br\/index.php?rest_route=\/wp\/v2\/users\/96"}],"replies":[{"embeddable":true,"href":"https:\/\/diarioregionaldigital.com.br\/index.php?rest_route=%2Fwp%2Fv2%2Fcomments&post=89814"}],"version-history":[{"count":0,"href":"https:\/\/diarioregionaldigital.com.br\/index.php?rest_route=\/wp\/v2\/posts\/89814\/revisions"}],"wp:featuredmedia":[{"embeddable":true,"href":"https:\/\/diarioregionaldigital.com.br\/index.php?rest_route=\/wp\/v2\/media\/89813"}],"wp:attachment":[{"href":"https:\/\/diarioregionaldigital.com.br\/index.php?rest_route=%2Fwp%2Fv2%2Fmedia&parent=89814"}],"wp:term":[{"taxonomy":"category","embeddable":true,"href":"https:\/\/diarioregionaldigital.com.br\/index.php?rest_route=%2Fwp%2Fv2%2Fcategories&post=89814"},{"taxonomy":"post_tag","embeddable":true,"href":"https:\/\/diarioregionaldigital.com.br\/index.php?rest_route=%2Fwp%2Fv2%2Ftags&post=89814"}],"curies":[{"name":"wp","href":"https:\/\/api.w.org\/{rel}","templated":true}]}}