{"id":89810,"date":"2018-01-17T19:30:16","date_gmt":"2018-01-17T21:30:16","guid":{"rendered":"http:\/\/diarioregionaljf.com.br\/2018\/01\/17\/caminhonete-roubada-e-clonada-e-recuperada-pela-prf-em-leopoldina\/"},"modified":"2018-01-17T19:30:16","modified_gmt":"2018-01-17T21:30:16","slug":"caminhonete-roubada-e-clonada-e-recuperada-pela-prf-em-leopoldina","status":"publish","type":"post","link":"https:\/\/diarioregionaldigital.com.br\/?p=89810","title":{"rendered":"Caminhonete roubada e clonada \u00e9 recuperada pela PRF em Leopoldina"},"content":{"rendered":"<p>Uma caminhonete, placas de Angra dos Reis (RJ), roubada em outubro do ano passado, foi recuperada pela Pol\u00edcia Rodovi\u00e1ria Federal (PRF) na BR-116, em Leopoldina (a cerca de 97Km de Juiz de Fora) na tarde desta ter\u00e7a-feira, 16. O ve\u00edculo estava com a placa clonada.<\/p>\n<p>A caminhonete foi abordada pelos policiais no Km 770 da rodovia, em frente ao posto da PRF. Durante vistoria, os policiais constataram que a placa estava clonada e o ve\u00edculo era roubado.<\/p>\n<p>Segundo a PRF, o propriet\u00e1rio da caminhonete seguia de Dores do Turvo (MG) para o Rio de Janeiro quando foi abordado. Ele disse que comprou a caminhonete em dezembro do ano passado na capital fluminense.<\/p>\n<p>O ve\u00edculo foi apreendido e a Pol\u00edcia Civil(PC) ir\u00e1 investigar o caso.<\/p>\n<p>Da reda\u00e7\u00e3o\/ R\u00e1dio Muria\u00e9<\/p>\n","protected":false},"excerpt":{"rendered":"<p>Uma caminhonete, placas de Angra dos Reis (RJ), roubada em outubro do ano passado, foi recuperada pela Pol\u00edcia Rodovi\u00e1ria Federal (PRF) na BR-116, em Leopoldina (a cerca de 97Km de Juiz de Fora) na tarde desta ter\u00e7a-feira, 16. O ve\u00edculo estava com a placa clonada. A caminhonete foi abordada pelos policiais no Km 770 da [&hellip;]<\/p>\n","protected":false},"author":96,"featured_media":89809,"comment_status":"closed","ping_status":"closed","sticky":false,"template":"","format":"standard","meta":{"footnotes":""},"categories":[252],"tags":[],"class_list":["post-89810","post","type-post","status-publish","format-standard","has-post-thumbnail","hentry","category-regiao"],"_links":{"self":[{"href":"https:\/\/diarioregionaldigital.com.br\/index.php?rest_route=\/wp\/v2\/posts\/89810","targetHints":{"allow":["GET"]}}],"collection":[{"href":"https:\/\/diarioregionaldigital.com.br\/index.php?rest_route=\/wp\/v2\/posts"}],"about":[{"href":"https:\/\/diarioregionaldigital.com.br\/index.php?rest_route=\/wp\/v2\/types\/post"}],"author":[{"embeddable":true,"href":"https:\/\/diarioregionaldigital.com.br\/index.php?rest_route=\/wp\/v2\/users\/96"}],"replies":[{"embeddable":true,"href":"https:\/\/diarioregionaldigital.com.br\/index.php?rest_route=%2Fwp%2Fv2%2Fcomments&post=89810"}],"version-history":[{"count":0,"href":"https:\/\/diarioregionaldigital.com.br\/index.php?rest_route=\/wp\/v2\/posts\/89810\/revisions"}],"wp:featuredmedia":[{"embeddable":true,"href":"https:\/\/diarioregionaldigital.com.br\/index.php?rest_route=\/wp\/v2\/media\/89809"}],"wp:attachment":[{"href":"https:\/\/diarioregionaldigital.com.br\/index.php?rest_route=%2Fwp%2Fv2%2Fmedia&parent=89810"}],"wp:term":[{"taxonomy":"category","embeddable":true,"href":"https:\/\/diarioregionaldigital.com.br\/index.php?rest_route=%2Fwp%2Fv2%2Fcategories&post=89810"},{"taxonomy":"post_tag","embeddable":true,"href":"https:\/\/diarioregionaldigital.com.br\/index.php?rest_route=%2Fwp%2Fv2%2Ftags&post=89810"}],"curies":[{"name":"wp","href":"https:\/\/api.w.org\/{rel}","templated":true}]}}