{"id":89806,"date":"2018-01-17T19:28:03","date_gmt":"2018-01-17T21:28:03","guid":{"rendered":"http:\/\/diarioregionaljf.com.br\/2018\/01\/17\/casa-das-estrelas\/"},"modified":"2018-01-17T19:28:03","modified_gmt":"2018-01-17T21:28:03","slug":"casa-das-estrelas","status":"publish","type":"post","link":"https:\/\/diarioregionaldigital.com.br\/?p=89806","title":{"rendered":"Casa das Estrelas"},"content":{"rendered":"<p style=\"text-align: center;\"><span class=\"h4\">Fest\u00e3o<\/span><br \/>Usando como cen\u00e1rio a Casa de Festas Funny Fest, o jornalista Petterson Marciano festejou sua formatura em Comunica\u00e7\u00e3o pelo CES\/JF em tarde alto astral. Os acepipes deliciosos, drinks, cerveja deliciosamente gelada e mesa de doces e sorvetes, fizeram contraponto para o samba do grupo Bamba Samba Show e o Buffet de Leiliane Moreira.<\/p>\n<p style=\"text-align: center;\"><span class=\"h4\">\u00c9 Show<\/span><br \/>Abrindo o calend\u00e1rio ver\u00e3o, no dia 20 de janeiro em parceria com Cland Skate House, o Cantinho da Cachoeira vai promover tardes de s\u00e1bado, da esta\u00e7\u00e3o mais animada do ano com v\u00e1rias bandas, esportes, natureza, cerveja gelada, drinks e hamb\u00farguer artesanal. O local \u00e9 em Susano, interior de S\u00e3o Paulo.<\/p>\n<p style=\"text-align: center;\"><span class=\"h4\">L\u00e1 Longe<\/span><br \/>Rodrigo Janot deixou o Brasil ontem e vai ficar cinco meses em Bogot\u00e1. Ele dar\u00e1 um curso na Universidade dos Andes sobre t\u00e9cnicas de investiga\u00e7\u00e3o Privadamente, Janot avalia que o ambiente no Brasil ainda est\u00e1 pesado para ele.<\/p>\n<p style=\"text-align: center;\"><span class=\"h4\">Casa das Estrelas<\/span><br \/>Angela Zo\u00e9, que filmou a biografia de Henfil e trabalha na de Alcione, est\u00e1 envolvida em outra empreitada: a dire\u00e7\u00e3o de um document\u00e1rio sobre o Retiro dos artista (Rio), que comemora seu centen\u00e1rio, em agosto. Vem coisa boa a\u00ed!<\/p>\n<p style=\"text-align: center;\"><img decoding=\"async\" class=\" size-full wp-image-89796\" src=\"http:\/\/diarioregionaljf.com.br\/wp-content\/uploads\/2018\/01\/diario-int-23202-1.jpg\" alt=\"fotoa.jpg\" width=\"680\" style=\"display: block; margin-left: auto; margin-right: auto;\" srcset=\"https:\/\/diarioregionaldigital.com.br\/wp-content\/uploads\/2018\/01\/diario-int-23202-1.jpg 680w, https:\/\/diarioregionaldigital.com.br\/wp-content\/uploads\/2018\/01\/diario-int-23202-1-300x199.jpg 300w, https:\/\/diarioregionaldigital.com.br\/wp-content\/uploads\/2018\/01\/diario-int-23202-1-360x238.jpg 360w\" sizes=\"(max-width: 680px) 100vw, 680px\" \/>No Funny Fest. Comemorando sua formatura em Comunica\u00e7\u00e3o pelo CES\/JF, o jornalista Petterson Marciano posou ao lado de Eduardo Gomes, Jonas Marciano, Paulo Marciano, Lucimar Marciano e Sebasti\u00e3o Marciano<\/p>\n<p style=\"text-align: center;\"><img decoding=\"async\" class=\" size-full wp-image-89797\" src=\"http:\/\/diarioregionaljf.com.br\/wp-content\/uploads\/2018\/01\/diario-int-23202-2.jpg\" alt=\"fotoaa.jpg\" width=\"680\" style=\"display: block; margin-left: auto; margin-right: auto;\" srcset=\"https:\/\/diarioregionaldigital.com.br\/wp-content\/uploads\/2018\/01\/diario-int-23202-2.jpg 680w, https:\/\/diarioregionaldigital.com.br\/wp-content\/uploads\/2018\/01\/diario-int-23202-2-300x199.jpg 300w, https:\/\/diarioregionaldigital.com.br\/wp-content\/uploads\/2018\/01\/diario-int-23202-2-360x238.jpg 360w\" sizes=\"(max-width: 680px) 100vw, 680px\" \/>Comemorando seu aniversario no Bar NuGrau, o ator L\u00e9o Mota com os amigos Mauro C\u00e9sar e Fernanda Gon\u00e7alves<\/p>\n<p style=\"text-align: center;\"><img decoding=\"async\" class=\" size-full wp-image-89798\" src=\"http:\/\/diarioregionaljf.com.br\/wp-content\/uploads\/2018\/01\/diario-int-23202-3.jpg\" alt=\"fotobb.jpg\" width=\"680\" style=\"display: block; margin-left: auto; margin-right: auto;\" srcset=\"https:\/\/diarioregionaldigital.com.br\/wp-content\/uploads\/2018\/01\/diario-int-23202-3.jpg 680w, https:\/\/diarioregionaldigital.com.br\/wp-content\/uploads\/2018\/01\/diario-int-23202-3-300x199.jpg 300w, https:\/\/diarioregionaldigital.com.br\/wp-content\/uploads\/2018\/01\/diario-int-23202-3-360x238.jpg 360w\" sizes=\"(max-width: 680px) 100vw, 680px\" \/>Em Portugal lan\u00e7ando suas obras o artista pl\u00e1stico Ricardo Barcellos e sua m\u00e3e Solange Barcellos<\/p>\n<p style=\"text-align: center;\"><img decoding=\"async\" class=\" size-full wp-image-89799\" src=\"http:\/\/diarioregionaljf.com.br\/wp-content\/uploads\/2018\/01\/diario-int-23202-4.jpg\" alt=\"fotoc.jpg\" width=\"680\" style=\"display: block; margin-left: auto; margin-right: auto;\" srcset=\"https:\/\/diarioregionaldigital.com.br\/wp-content\/uploads\/2018\/01\/diario-int-23202-4.jpg 680w, https:\/\/diarioregionaldigital.com.br\/wp-content\/uploads\/2018\/01\/diario-int-23202-4-300x199.jpg 300w, https:\/\/diarioregionaldigital.com.br\/wp-content\/uploads\/2018\/01\/diario-int-23202-4-360x238.jpg 360w\" sizes=\"(max-width: 680px) 100vw, 680px\" \/>Mulheres elegant\u00e9rrimas em noite luz no Marcellu\u2019s Aero, Veru Campos e Helida Fracetti<\/p>\n<p style=\"text-align: center;\"><img decoding=\"async\" class=\" size-full wp-image-89800\" src=\"http:\/\/diarioregionaljf.com.br\/wp-content\/uploads\/2018\/01\/diario-int-23202-5.jpg\" alt=\"fotoe.jpg\" width=\"680\" style=\"display: block; margin-left: auto; margin-right: auto;\" srcset=\"https:\/\/diarioregionaldigital.com.br\/wp-content\/uploads\/2018\/01\/diario-int-23202-5.jpg 680w, https:\/\/diarioregionaldigital.com.br\/wp-content\/uploads\/2018\/01\/diario-int-23202-5-300x199.jpg 300w, https:\/\/diarioregionaldigital.com.br\/wp-content\/uploads\/2018\/01\/diario-int-23202-5-360x238.jpg 360w\" sizes=\"(max-width: 680px) 100vw, 680px\" \/>Fazendo pit-stop no Spazio Design, Beatriz Netto e Regina Gon\u00e7alves Gouv\u00eaa<\/p>\n<p style=\"text-align: center;\"><img decoding=\"async\" class=\" size-full wp-image-89801\" src=\"http:\/\/diarioregionaljf.com.br\/wp-content\/uploads\/2018\/01\/diario-int-23202-6.jpg\" alt=\"fotof.jpg\" width=\"680\" style=\"display: block; margin-left: auto; margin-right: auto;\" srcset=\"https:\/\/diarioregionaldigital.com.br\/wp-content\/uploads\/2018\/01\/diario-int-23202-6.jpg 680w, https:\/\/diarioregionaldigital.com.br\/wp-content\/uploads\/2018\/01\/diario-int-23202-6-300x199.jpg 300w, https:\/\/diarioregionaldigital.com.br\/wp-content\/uploads\/2018\/01\/diario-int-23202-6-360x238.jpg 360w\" sizes=\"(max-width: 680px) 100vw, 680px\" \/>Lindos vestindo M. Marques, no Paola buffet&nbsp; Yasmin Marinho e Paulo Vila\u00e7a<\/p>\n<p style=\"text-align: center;\"><img decoding=\"async\" class=\" size-full wp-image-89802\" src=\"http:\/\/diarioregionaljf.com.br\/wp-content\/uploads\/2018\/01\/diario-int-23202-7.jpg\" alt=\"fotog.jpg\" width=\"680\" style=\"display: block; margin-left: auto; margin-right: auto;\" srcset=\"https:\/\/diarioregionaldigital.com.br\/wp-content\/uploads\/2018\/01\/diario-int-23202-7.jpg 680w, https:\/\/diarioregionaldigital.com.br\/wp-content\/uploads\/2018\/01\/diario-int-23202-7-300x199.jpg 300w, https:\/\/diarioregionaldigital.com.br\/wp-content\/uploads\/2018\/01\/diario-int-23202-7-360x238.jpg 360w\" sizes=\"(max-width: 680px) 100vw, 680px\" \/>Ra\u00edssa Dias e Eduardo Gomes informalmente no ap\u00ea da Barbosa Lima<\/p>\n<p style=\"text-align: center;\"><img decoding=\"async\" class=\" size-full wp-image-89803\" src=\"http:\/\/diarioregionaljf.com.br\/wp-content\/uploads\/2018\/01\/diario-int-23202-8.jpg\" alt=\"fotoh.jpg\" width=\"680\" style=\"display: block; margin-left: auto; margin-right: auto;\" srcset=\"https:\/\/diarioregionaldigital.com.br\/wp-content\/uploads\/2018\/01\/diario-int-23202-8.jpg 680w, https:\/\/diarioregionaldigital.com.br\/wp-content\/uploads\/2018\/01\/diario-int-23202-8-300x243.jpg 300w, https:\/\/diarioregionaldigital.com.br\/wp-content\/uploads\/2018\/01\/diario-int-23202-8-360x291.jpg 360w\" sizes=\"(max-width: 680px) 100vw, 680px\" \/>Silas Andrade comemorou n\u00edver com a bonita Helenise Machado em sua Franburgueria Artesanal<\/p>\n<p style=\"text-align: center;\"><img decoding=\"async\" class=\" size-full wp-image-89804\" src=\"http:\/\/diarioregionaljf.com.br\/wp-content\/uploads\/2018\/01\/diario-int-23202-9.jpg\" alt=\"fotoi.jpg\" width=\"680\" style=\"display: block; margin-left: auto; margin-right: auto;\" srcset=\"https:\/\/diarioregionaldigital.com.br\/wp-content\/uploads\/2018\/01\/diario-int-23202-9.jpg 680w, https:\/\/diarioregionaldigital.com.br\/wp-content\/uploads\/2018\/01\/diario-int-23202-9-300x199.jpg 300w, https:\/\/diarioregionaldigital.com.br\/wp-content\/uploads\/2018\/01\/diario-int-23202-9-360x238.jpg 360w\" sizes=\"(max-width: 680px) 100vw, 680px\" \/>De f\u00e9rias no Brasil, o su\u00ed\u00e7o Charlie Tam na praia de Copacabana com a mulher Vera Alice Tam<\/p>\n<p style=\"text-align: center;\"><img decoding=\"async\" class=\" size-full wp-image-89805\" src=\"http:\/\/diarioregionaljf.com.br\/wp-content\/uploads\/2018\/01\/diario-int-23202-10.jpg\" alt=\"fotoj.jpg\" width=\"680\" style=\"display: block; margin-left: auto; margin-right: auto;\" srcset=\"https:\/\/diarioregionaldigital.com.br\/wp-content\/uploads\/2018\/01\/diario-int-23202-10.jpg 680w, https:\/\/diarioregionaldigital.com.br\/wp-content\/uploads\/2018\/01\/diario-int-23202-10-266x300.jpg 266w, https:\/\/diarioregionaldigital.com.br\/wp-content\/uploads\/2018\/01\/diario-int-23202-10-360x407.jpg 360w\" sizes=\"(max-width: 680px) 100vw, 680px\" \/>Fechando esta coluna em conex\u00e3o com o ver\u00e3o o jornalista e apresentador da Mesa de Debates da TVE, Caio Zoia<\/p>\n<p class=\"h4\" style=\"text-align: center;\">FOTOSS\u00cdNTESE<\/p>\n<p>Uma bonita Campanha de Material Escolar para doa\u00e7\u00e3o est\u00e1 sendo realizado pelos Anjos da Miseric\u00f3rdia de Juiz de Fora, com seguimento at\u00e9 31 de janeiro. O ponto de coleta \u00e9 na recep\u00e7\u00e3o da Catedral Metropolitana de Juiz de Fora.<\/p>\n<p>Decreto publicado no Atos do Governo da Prefeitura Municipal de Juiz de Fora, disp\u00f5e que \u00f4nibus de Juiz de Fora ter\u00e3o reconhecimento facial.<\/p>\n<p>A KLA \u2013 Escola de Vendas de Juiz de Fora vai promover um especial\u00edssimo treinamento de vendas indicado para empres\u00e1rios, gerentes e vendedores em geral. S\u00e3o 24 aulas que ser\u00e3o ministradas no Victory Suites, toda 2\u00aa feira, das 19h \u00e0s 22h. In\u00edcio do treinamento em 22 de janeiro.<\/p>\n<p>Com sua estrelada equipe de m\u00e9dicos, enfermeiros e funcion\u00e1rios, o Hospital e Maternidade Therezinha de Jesus agora \u00e9 Hospital acreditado com Excel\u00eancia n\u00edvel 3 pela Organiza\u00e7\u00e3o Nacional de Acredita\u00e7\u00e3o (ONA).<\/p>\n<p>O jovem enfermeiro modelo e cantor Wesley Ferry vai concorrer ao t\u00edtulo de Mr. Juiz de Fora 2018. Estamos na torcida tamb\u00e9m para Larissa Costa para Miss Juiz de Fora.<\/p>\n<p>O empres\u00e1rio Aroldo Marocolo Cherem montou uma loja on-line de produtos para beb\u00eas. A American Baby de roupas importadas originais j\u00e1 est\u00e1 bombando.<\/p>\n<p>Fazendo sucesso em Cabo Frio, o Sabor e Arte Restaurante Bistr\u00f4. Circulando por l\u00e1, o coiffeur Igor Juliani.<\/p>\n<p>Para o dia 27 de janeiro, vai ter Fervor na Laje, no Muzik. Prepara a fita isolante e v\u00e1 torrar na pista de dan\u00e7a com os Dj\u2019s F\u00e1bio Carvalho e Leda. \u00c0s 22h.<\/p>\n<p>Vera Alice Tam e o marido Charlie Tam, estar\u00e3o com grupo de amigos queridos no show da cantora Alcione, dia 27 de janeiro, no Green Hill. No dia 03 de fevereiro regressam para a Su\u00ed\u00e7a onde moram.<\/p>\n<p>Leopoldina Caputo muito elegante comemorou anivers\u00e1rio rodeada de amigos e familiares no Specialle Buffet.<\/p>\n<p>Para anotar: Se voc\u00ea conseguir aceitar os trancos e solavancos desta parte do caminho sem se irritar com nada, mas tratando tudo com muito bom humor, voc\u00ea comprovar\u00e1 que \u00e9 mesmo pelas linhas tortas que se escreve o destino. Saiba agradecer! Bom dia.<\/p>\n","protected":false},"excerpt":{"rendered":"<p>Fest\u00e3oUsando como cen\u00e1rio a Casa de Festas Funny Fest, o jornalista Petterson Marciano festejou sua formatura em Comunica\u00e7\u00e3o pelo CES\/JF em tarde alto astral. Os acepipes deliciosos, drinks, cerveja deliciosamente gelada e mesa de doces e sorvetes, fizeram contraponto para o samba do grupo Bamba Samba Show e o Buffet de Leiliane Moreira. \u00c9 ShowAbrindo [&hellip;]<\/p>\n","protected":false},"author":96,"featured_media":89795,"comment_status":"closed","ping_status":"closed","sticky":false,"template":"","format":"standard","meta":{"footnotes":""},"categories":[264],"tags":[],"class_list":["post-89806","post","type-post","status-publish","format-standard","has-post-thumbnail","hentry","category-eduardo-gomes"],"_links":{"self":[{"href":"https:\/\/diarioregionaldigital.com.br\/index.php?rest_route=\/wp\/v2\/posts\/89806","targetHints":{"allow":["GET"]}}],"collection":[{"href":"https:\/\/diarioregionaldigital.com.br\/index.php?rest_route=\/wp\/v2\/posts"}],"about":[{"href":"https:\/\/diarioregionaldigital.com.br\/index.php?rest_route=\/wp\/v2\/types\/post"}],"author":[{"embeddable":true,"href":"https:\/\/diarioregionaldigital.com.br\/index.php?rest_route=\/wp\/v2\/users\/96"}],"replies":[{"embeddable":true,"href":"https:\/\/diarioregionaldigital.com.br\/index.php?rest_route=%2Fwp%2Fv2%2Fcomments&post=89806"}],"version-history":[{"count":0,"href":"https:\/\/diarioregionaldigital.com.br\/index.php?rest_route=\/wp\/v2\/posts\/89806\/revisions"}],"wp:featuredmedia":[{"embeddable":true,"href":"https:\/\/diarioregionaldigital.com.br\/index.php?rest_route=\/wp\/v2\/media\/89795"}],"wp:attachment":[{"href":"https:\/\/diarioregionaldigital.com.br\/index.php?rest_route=%2Fwp%2Fv2%2Fmedia&parent=89806"}],"wp:term":[{"taxonomy":"category","embeddable":true,"href":"https:\/\/diarioregionaldigital.com.br\/index.php?rest_route=%2Fwp%2Fv2%2Fcategories&post=89806"},{"taxonomy":"post_tag","embeddable":true,"href":"https:\/\/diarioregionaldigital.com.br\/index.php?rest_route=%2Fwp%2Fv2%2Ftags&post=89806"}],"curies":[{"name":"wp","href":"https:\/\/api.w.org\/{rel}","templated":true}]}}