{"id":89790,"date":"2018-01-17T19:22:30","date_gmt":"2018-01-17T21:22:30","guid":{"rendered":"http:\/\/diarioregionaljf.com.br\/2018\/01\/17\/gravida-baleada-na-cabeca-esta-lucida-bebe-continua-em-estado-grave\/"},"modified":"2018-01-17T19:22:30","modified_gmt":"2018-01-17T21:22:30","slug":"gravida-baleada-na-cabeca-esta-lucida-bebe-continua-em-estado-grave","status":"publish","type":"post","link":"https:\/\/diarioregionaldigital.com.br\/?p=89790","title":{"rendered":"Gr\u00e1vida baleada na cabe\u00e7a est\u00e1 l\u00facida; beb\u00ea continua em estado grave"},"content":{"rendered":"<p>O quadro cl\u00ednico de Michelle Ramos da Silva Nascimento, de 33 anos, baleada na cabe\u00e7a no s\u00e1bado, 13, em Belford Roxo, na Baixada Fluminense, vem apresentando melhora significativa. Ela estava gr\u00e1vida de oito meses e foi atingida durante uma tentativa de assalto. Michelle permanece internada no Centro de Tratamento Intensivo do Hospital Geral de Nova Igua\u00e7u.<\/p>\n<p>Segundo o hospital, desde ter\u00e7a-feira, 16, Michelle respira sem a ajuda de aparelhos e est\u00e1 l\u00facida. \u201cO estado de sa\u00fade \u00e9 est\u00e1vel\u201d, informou.<\/p>\n<p>O beb\u00ea, que nasceu de uma cesariana de emerg\u00eancia, tamb\u00e9m no s\u00e1bado, continua sem altera\u00e7\u00f5es no quadro cl\u00ednico. \u201cEle permanece internado na UTI neonatal da Maternidade Municipal Mariana Bulh\u00f5es, respirando com ajuda de aparelhos. O estado de sa\u00fade \u00e9 grav\u00edssimo, por\u00e9m est\u00e1vel\u201d, disse, em nota, o hospital.<\/p>\n<p>Michelle deu entrada na unidade de sa\u00fade, tamb\u00e9m conhecida como Hospital da Posse, no s\u00e1bado e foi submetida a uma cirurgia para descompress\u00e3o craniana. As equipes m\u00e9dicas de pediatria e obstetr\u00edcia avaliaram a paciente e optaram por realizar a cesariana no mesmo momento da cirurgia neurol\u00f3gica. O beb\u00ea foi transferido de ambul\u00e2ncia com UTI m\u00f3vel para a maternidade.<\/p>\n<p>Fonte: Ag\u00eancia Brasil<\/p>\n","protected":false},"excerpt":{"rendered":"<p>O quadro cl\u00ednico de Michelle Ramos da Silva Nascimento, de 33 anos, baleada na cabe\u00e7a no s\u00e1bado, 13, em Belford Roxo, na Baixada Fluminense, vem apresentando melhora significativa. Ela estava gr\u00e1vida de oito meses e foi atingida durante uma tentativa de assalto. Michelle permanece internada no Centro de Tratamento Intensivo do Hospital Geral de Nova [&hellip;]<\/p>\n","protected":false},"author":96,"featured_media":89789,"comment_status":"closed","ping_status":"closed","sticky":false,"template":"","format":"standard","meta":{"footnotes":""},"categories":[302],"tags":[],"class_list":["post-89790","post","type-post","status-publish","format-standard","has-post-thumbnail","hentry","category-brasil-mundo"],"_links":{"self":[{"href":"https:\/\/diarioregionaldigital.com.br\/index.php?rest_route=\/wp\/v2\/posts\/89790","targetHints":{"allow":["GET"]}}],"collection":[{"href":"https:\/\/diarioregionaldigital.com.br\/index.php?rest_route=\/wp\/v2\/posts"}],"about":[{"href":"https:\/\/diarioregionaldigital.com.br\/index.php?rest_route=\/wp\/v2\/types\/post"}],"author":[{"embeddable":true,"href":"https:\/\/diarioregionaldigital.com.br\/index.php?rest_route=\/wp\/v2\/users\/96"}],"replies":[{"embeddable":true,"href":"https:\/\/diarioregionaldigital.com.br\/index.php?rest_route=%2Fwp%2Fv2%2Fcomments&post=89790"}],"version-history":[{"count":0,"href":"https:\/\/diarioregionaldigital.com.br\/index.php?rest_route=\/wp\/v2\/posts\/89790\/revisions"}],"wp:featuredmedia":[{"embeddable":true,"href":"https:\/\/diarioregionaldigital.com.br\/index.php?rest_route=\/wp\/v2\/media\/89789"}],"wp:attachment":[{"href":"https:\/\/diarioregionaldigital.com.br\/index.php?rest_route=%2Fwp%2Fv2%2Fmedia&parent=89790"}],"wp:term":[{"taxonomy":"category","embeddable":true,"href":"https:\/\/diarioregionaldigital.com.br\/index.php?rest_route=%2Fwp%2Fv2%2Fcategories&post=89790"},{"taxonomy":"post_tag","embeddable":true,"href":"https:\/\/diarioregionaldigital.com.br\/index.php?rest_route=%2Fwp%2Fv2%2Ftags&post=89790"}],"curies":[{"name":"wp","href":"https:\/\/api.w.org\/{rel}","templated":true}]}}