{"id":89788,"date":"2018-01-17T19:19:50","date_gmt":"2018-01-17T21:19:50","guid":{"rendered":"http:\/\/diarioregionaljf.com.br\/2018\/01\/17\/moradores-do-rio-enfrentam-longas-filas-para-tomar-vacina-contra-febre-amarela\/"},"modified":"2018-01-17T19:19:50","modified_gmt":"2018-01-17T21:19:50","slug":"moradores-do-rio-enfrentam-longas-filas-para-tomar-vacina-contra-febre-amarela","status":"publish","type":"post","link":"https:\/\/diarioregionaldigital.com.br\/?p=89788","title":{"rendered":"Moradores do Rio enfrentam longas filas para tomar vacina contra febre amarela"},"content":{"rendered":"<p>Na manh\u00e3 desta quarta-feira, 17, os moradores da cidade do Rio de Janeiro enfrentaram longas filas para tomar a vacina contra a febre amarela, depois da confirma\u00e7\u00e3o de quatro casos em pessoas no estado este ano, com tr\u00eas \u00f3bitos. Os casos foram registrados em Valen\u00e7a, no centro-sul do estado, e em Teres\u00f3polis, na regi\u00e3o serrana.<\/p>\n<p>No Centro Especial de Vacina\u00e7\u00e3o Dr. \u00c1lvaro Aguiar, na Cinel\u00e2ndia, regi\u00e3o central da cidade, por volta de 9h a fila dobrava o quarteir\u00e3o com cerca de 400 pessoas aguardando. A administradora Ver\u00f4nica Vargas tinha chegado \u00e0s 6h30 e andado poucos metros na fila. Ela reclamou que muita gente entrou na fila alegando prioridade, por\u00e9m sem ser prioridade.<\/p>\n<p>\u201cVou viajar para Minas [Gerais], que \u00e9 um lugar que est\u00e1 com foco. \u00c9 muito importante vacinar at\u00e9 para n\u00e3o piorar e virar uma epidemia. Eu nunca tomei, se n\u00e3o nem precisaria, n\u00e9? Porque quem tomou uma dose n\u00e3o precisa tomar\u201d.<\/p>\n<p>J\u00e1 no Centro Municipal de Sa\u00fade Heitor Beltr\u00e3o, na Tijuca, \u00e0s 9h30 a fila j\u00e1 estava menor, uma vez que as 400 senhas dispon\u00edveis para vacina\u00e7\u00e3o hoje j\u00e1 haviam sido distribu\u00eddas. O militar Weverton de Souza chegou \u00e0s 6h45 e conseguiu uma das \u00faltimas senhas, a de n\u00famero 395.<\/p>\n<p>\u201c\u00c9 a primeira vez que estou tomando a vacina\u201d, disse, mostrando preocupa\u00e7\u00e3o com not\u00edcias da morte de macacos no estado. \u201c\u00c9 melhor se preparar para isso logo, n\u00e9?\u201d<\/p>\n<h4>&nbsp;<\/h4>\n<h4>SECRETARIA DE SA\u00daDE<\/h4>\n<p>Segundo a Secretaria Municipal de Sa\u00fade (SMS), cada posto de vacina\u00e7\u00e3o tem autonomia para determinar quantas doses ser\u00e3o aplicadas por dia, seguindo crit\u00e9rios t\u00e9cnicos e de acordo com a capacidade de atendimento de cada unidade. A secretaria lembrou que a vacina esteve dispon\u00edvel em todos os 232 centros da rede durante todo o ano de 2017, mas a procura foi muito baixa a partir de mar\u00e7o.<\/p>\n<p>\u201cA Superintend\u00eancia de Vigil\u00e2ncia em Sa\u00fade lembra que a vacina contra a febre amarela esteve dispon\u00edvel para a popula\u00e7\u00e3o durante todo o ano passado mas, infelizmente, com o fim das not\u00edcias sobre casos da doen\u00e7a, as pessoas foram deixando de procurar a vacina\u201d, disse a Superintend\u00eancia em nota.<\/p>\n<p>Em mar\u00e7o do ano passado foram vacinadas na cidade 629.087 pessoas; 411.648 em abril; 198.659 em maio, 120.911 em junho; 96.040 em julho; 42.795 em agosto; 36.325 em setembro; 26.527 em outubro; 20.321 em novembro e apenas 16.592 em dezembro. Segundo a secretaria, a cidade n\u00e3o alcan\u00e7ou a cobertura da popula\u00e7\u00e3o alvo ainda em 2017, que est\u00e1, atualmente, em 50%. Como a vacina \u00e9 feita com v\u00edrus vivo e apresenta riscos de rea\u00e7\u00e3o, est\u00e3o fora do p\u00fablico alvo os idosos, menores de 9 meses, gestantes e pacientes com doen\u00e7a imunol\u00f3gica.<\/p>\n<p>Ap\u00f3s as not\u00edcias de mortes no estado, apenas na segunda-feira, 15, 26.279 procuraram as unidades e foram vacinadas. \u201cDiante dessa nova demanda, as unidades est\u00e3o se organizando para atender o m\u00e1ximo de pessoas da melhor maneira poss\u00edvel, dentro da capacidade t\u00e9cnica de seguran\u00e7a dos pacientes e boas pr\u00e1ticas de vacina\u00e7\u00e3o\u201d, informou a SMS, acrescentando que n\u00e3o h\u00e1 circula\u00e7\u00e3o do v\u00edrus na capital.<\/p>\n<p>Fonte: Ag\u00eancia Brasil<\/p>\n","protected":false},"excerpt":{"rendered":"<p>Na manh\u00e3 desta quarta-feira, 17, os moradores da cidade do Rio de Janeiro enfrentaram longas filas para tomar a vacina contra a febre amarela, depois da confirma\u00e7\u00e3o de quatro casos em pessoas no estado este ano, com tr\u00eas \u00f3bitos. Os casos foram registrados em Valen\u00e7a, no centro-sul do estado, e em Teres\u00f3polis, na regi\u00e3o serrana. [&hellip;]<\/p>\n","protected":false},"author":96,"featured_media":89787,"comment_status":"closed","ping_status":"closed","sticky":false,"template":"","format":"standard","meta":{"footnotes":""},"categories":[302],"tags":[],"class_list":["post-89788","post","type-post","status-publish","format-standard","has-post-thumbnail","hentry","category-brasil-mundo"],"_links":{"self":[{"href":"https:\/\/diarioregionaldigital.com.br\/index.php?rest_route=\/wp\/v2\/posts\/89788","targetHints":{"allow":["GET"]}}],"collection":[{"href":"https:\/\/diarioregionaldigital.com.br\/index.php?rest_route=\/wp\/v2\/posts"}],"about":[{"href":"https:\/\/diarioregionaldigital.com.br\/index.php?rest_route=\/wp\/v2\/types\/post"}],"author":[{"embeddable":true,"href":"https:\/\/diarioregionaldigital.com.br\/index.php?rest_route=\/wp\/v2\/users\/96"}],"replies":[{"embeddable":true,"href":"https:\/\/diarioregionaldigital.com.br\/index.php?rest_route=%2Fwp%2Fv2%2Fcomments&post=89788"}],"version-history":[{"count":0,"href":"https:\/\/diarioregionaldigital.com.br\/index.php?rest_route=\/wp\/v2\/posts\/89788\/revisions"}],"wp:featuredmedia":[{"embeddable":true,"href":"https:\/\/diarioregionaldigital.com.br\/index.php?rest_route=\/wp\/v2\/media\/89787"}],"wp:attachment":[{"href":"https:\/\/diarioregionaldigital.com.br\/index.php?rest_route=%2Fwp%2Fv2%2Fmedia&parent=89788"}],"wp:term":[{"taxonomy":"category","embeddable":true,"href":"https:\/\/diarioregionaldigital.com.br\/index.php?rest_route=%2Fwp%2Fv2%2Fcategories&post=89788"},{"taxonomy":"post_tag","embeddable":true,"href":"https:\/\/diarioregionaldigital.com.br\/index.php?rest_route=%2Fwp%2Fv2%2Ftags&post=89788"}],"curies":[{"name":"wp","href":"https:\/\/api.w.org\/{rel}","templated":true}]}}