{"id":89786,"date":"2018-01-17T19:18:51","date_gmt":"2018-01-17T21:18:51","guid":{"rendered":"http:\/\/diarioregionaljf.com.br\/2018\/01\/17\/dupla-rouba-celular-e-e-presa-na-sequencia-em-muriae\/"},"modified":"2018-01-17T19:18:51","modified_gmt":"2018-01-17T21:18:51","slug":"dupla-rouba-celular-e-e-presa-na-sequencia-em-muriae","status":"publish","type":"post","link":"https:\/\/diarioregionaldigital.com.br\/?p=89786","title":{"rendered":"Dupla rouba celular e \u00e9 presa na sequ\u00eancia em Muria\u00e9"},"content":{"rendered":"<p>Dois homens roubaram um aparelho celular na manh\u00e3 desta quarta-feira, 17, no bairro Aeroporto, em Muria\u00e9 ( a cerca de 158 Km de Juiz de Fora), mas em pouco tempo a Pol\u00edcia Militar (PM) conseguiu localizar os autores, no bairro Santo Ant\u00f4nio. Ambos foram reconhecidos pela v\u00edtima e presos. At\u00e9 o momento o aparelho n\u00e3o foi recuperado.<\/p>\n<p>Segundo informa\u00e7\u00f5es da PM, a v\u00edtima caminhava pelo bairro Aeroporto quando foi abordada pelas costas. O ladr\u00e3o disse que estava armado e ordenou que ela lhe entregasse o celular. Ap\u00f3s pegar o aparelho o assaltante fugiu em um Chevette cor prata junto com um comparsa.<\/p>\n<p>Assim que a PM foi comunicada do crime, policiais fizeram rastreamento pela cidade e conseguiram localizar o autom\u00f3vel no bairro Santo Ant\u00f4nio. A dupla foi presa e reconhecida pela v\u00edtima.<\/p>\n<p>O chip com o n\u00famero do celular roubado foi recuperado, mas o aparelho n\u00e3o foi encontrado.<\/p>\n<p>Ainda de acordo com a PM, os suspeitos disseram que n\u00e3o estavam armados no momento do roubo.<\/p>\n<p>A dupla foi presa e levada para a delegacia de Pol\u00edcia Civil (PC), no bairro Safira, e o autom\u00f3vel usado no crime foi apreendido.<\/p>\n<p>&nbsp;<\/p>\n<p>Da reda\u00e7\u00e3o\/Colabora\u00e7\u00e3o R\u00e1dio Muria\u00e9<\/p>\n","protected":false},"excerpt":{"rendered":"<p>Dois homens roubaram um aparelho celular na manh\u00e3 desta quarta-feira, 17, no bairro Aeroporto, em Muria\u00e9 ( a cerca de 158 Km de Juiz de Fora), mas em pouco tempo a Pol\u00edcia Militar (PM) conseguiu localizar os autores, no bairro Santo Ant\u00f4nio. Ambos foram reconhecidos pela v\u00edtima e presos. At\u00e9 o momento o aparelho n\u00e3o [&hellip;]<\/p>\n","protected":false},"author":96,"featured_media":89785,"comment_status":"closed","ping_status":"closed","sticky":false,"template":"","format":"standard","meta":{"footnotes":""},"categories":[252],"tags":[],"class_list":["post-89786","post","type-post","status-publish","format-standard","has-post-thumbnail","hentry","category-regiao"],"_links":{"self":[{"href":"https:\/\/diarioregionaldigital.com.br\/index.php?rest_route=\/wp\/v2\/posts\/89786","targetHints":{"allow":["GET"]}}],"collection":[{"href":"https:\/\/diarioregionaldigital.com.br\/index.php?rest_route=\/wp\/v2\/posts"}],"about":[{"href":"https:\/\/diarioregionaldigital.com.br\/index.php?rest_route=\/wp\/v2\/types\/post"}],"author":[{"embeddable":true,"href":"https:\/\/diarioregionaldigital.com.br\/index.php?rest_route=\/wp\/v2\/users\/96"}],"replies":[{"embeddable":true,"href":"https:\/\/diarioregionaldigital.com.br\/index.php?rest_route=%2Fwp%2Fv2%2Fcomments&post=89786"}],"version-history":[{"count":0,"href":"https:\/\/diarioregionaldigital.com.br\/index.php?rest_route=\/wp\/v2\/posts\/89786\/revisions"}],"wp:featuredmedia":[{"embeddable":true,"href":"https:\/\/diarioregionaldigital.com.br\/index.php?rest_route=\/wp\/v2\/media\/89785"}],"wp:attachment":[{"href":"https:\/\/diarioregionaldigital.com.br\/index.php?rest_route=%2Fwp%2Fv2%2Fmedia&parent=89786"}],"wp:term":[{"taxonomy":"category","embeddable":true,"href":"https:\/\/diarioregionaldigital.com.br\/index.php?rest_route=%2Fwp%2Fv2%2Fcategories&post=89786"},{"taxonomy":"post_tag","embeddable":true,"href":"https:\/\/diarioregionaldigital.com.br\/index.php?rest_route=%2Fwp%2Fv2%2Ftags&post=89786"}],"curies":[{"name":"wp","href":"https:\/\/api.w.org\/{rel}","templated":true}]}}