{"id":89784,"date":"2018-01-17T19:17:45","date_gmt":"2018-01-17T21:17:45","guid":{"rendered":"http:\/\/diarioregionaljf.com.br\/2018\/01\/17\/dupla-juiz-forana-bicampea-do-rally-do-cerrado-participa-de-uma-das-maiores-competicoes-da-america-latina\/"},"modified":"2018-01-17T19:17:45","modified_gmt":"2018-01-17T21:17:45","slug":"dupla-juiz-forana-bicampea-do-rally-do-cerrado-participa-de-uma-das-maiores-competicoes-da-america-latina","status":"publish","type":"post","link":"https:\/\/diarioregionaldigital.com.br\/?p=89784","title":{"rendered":"Dupla Juiz-Forana Bicampe\u00e3 do Rally do Cerrado participa de uma das maiores competi\u00e7\u00f5es da Am\u00e9rica Latina"},"content":{"rendered":"<p>Come\u00e7a na pr\u00f3xima ter\u00e7a-feira, 23, e vai at\u00e9 o s\u00e1bado, 27, a 31\u00aa edi\u00e7\u00e3o do Rally Cerapi\u00f3, competi\u00e7\u00e3o em que mais 1200 competidores entre navegadores, pilotos, mec\u00e2nicos e equipes de apoio, de diversos estados brasileiros e pa\u00edses exploram os estados do Cear\u00e1 ao Piau\u00ed.<\/p>\n<p>O Rally Cerapi\u00f3 dar\u00e1 in\u00edcio ao calend\u00e1rio esportivo do off-Road brasileiro. A largada ser\u00e1 no litoral do Cear\u00e1, na cidade de Trairi, seguindo para o litoral do Piau\u00ed.<\/p>\n<p>Dois Juiz-Foranos, Anibal Maini, o piloto, e seu navegador, Lobsang Max, s\u00e3o uma das duplas que ir\u00e3o representar a cidade de Juiz de Fora no Cerapi\u00f3 2018. Eles v\u00e3o participar na categoria Graduados, onde j\u00e1 tem mais de 30 inscritos.<\/p>\n<p><strong>A Dupla<\/strong><\/p>\n<p>Juntos desde 2016, a dupla \u00e9 Bicampe\u00e3 do Rally do Cerrado (2016 e 2017) nas categorias Graduados e Master respectivamente, e, no estado de S\u00e3o Paulo, a dupla conquistou o terceiro lugar em 2017, pelo Paulista OffRoad na categoria Graduados. Esse ano a parceria est\u00e1 firmada novamente e tudo come\u00e7a no Cerapi\u00f3.<\/p>\n<p>Com apenas tr\u00eas anos no esporte e&nbsp; com&nbsp; t\u00edtulos importantes na carreira, Anibal, de 34 anos mais conhecido como Bil, em entrevista ao Di\u00e1rio contou que v\u00ea a primeira prova como um recome\u00e7o para novas conquistas: \u201cIniciei, assim como na maioria dos esportes, como hobby. Sempre gostei de passeio e trilha, participei por brincadeira de uma prova s\u00e9ria e me apaixonei. Demorei um pouco para aprender e entrar no ritmo. Essa primeira prova \u00e9 o momento de recome\u00e7o, de planejar o ano. \u00c9 como um aquecimento de alto padr\u00e3o. Al\u00e9m de ser o maior rally de regularidade do Brasil,\u201d conta.<\/p>\n<p>O evento \u00e9 reconhecido como uma das maiores provas off Road da Am\u00e9rica Latina e \u00fanica no mundo que re\u00fane em uma mesma competi\u00e7\u00e3o v\u00e1rias modalidades distintas: Motos, carros 4&#215;4, Quadriciclos, UTV\u2019s e Bikes, nas modalidades de regularidade e velocidade.<\/p>\n","protected":false},"excerpt":{"rendered":"<p>Come\u00e7a na pr\u00f3xima ter\u00e7a-feira, 23, e vai at\u00e9 o s\u00e1bado, 27, a 31\u00aa edi\u00e7\u00e3o do Rally Cerapi\u00f3, competi\u00e7\u00e3o em que mais 1200 competidores entre navegadores, pilotos, mec\u00e2nicos e equipes de apoio, de diversos estados brasileiros e pa\u00edses exploram os estados do Cear\u00e1 ao Piau\u00ed. O Rally Cerapi\u00f3 dar\u00e1 in\u00edcio ao calend\u00e1rio esportivo do off-Road brasileiro. [&hellip;]<\/p>\n","protected":false},"author":96,"featured_media":89783,"comment_status":"closed","ping_status":"closed","sticky":false,"template":"","format":"standard","meta":{"footnotes":""},"categories":[257],"tags":[],"class_list":["post-89784","post","type-post","status-publish","format-standard","has-post-thumbnail","hentry","category-esporte"],"_links":{"self":[{"href":"https:\/\/diarioregionaldigital.com.br\/index.php?rest_route=\/wp\/v2\/posts\/89784","targetHints":{"allow":["GET"]}}],"collection":[{"href":"https:\/\/diarioregionaldigital.com.br\/index.php?rest_route=\/wp\/v2\/posts"}],"about":[{"href":"https:\/\/diarioregionaldigital.com.br\/index.php?rest_route=\/wp\/v2\/types\/post"}],"author":[{"embeddable":true,"href":"https:\/\/diarioregionaldigital.com.br\/index.php?rest_route=\/wp\/v2\/users\/96"}],"replies":[{"embeddable":true,"href":"https:\/\/diarioregionaldigital.com.br\/index.php?rest_route=%2Fwp%2Fv2%2Fcomments&post=89784"}],"version-history":[{"count":0,"href":"https:\/\/diarioregionaldigital.com.br\/index.php?rest_route=\/wp\/v2\/posts\/89784\/revisions"}],"wp:featuredmedia":[{"embeddable":true,"href":"https:\/\/diarioregionaldigital.com.br\/index.php?rest_route=\/wp\/v2\/media\/89783"}],"wp:attachment":[{"href":"https:\/\/diarioregionaldigital.com.br\/index.php?rest_route=%2Fwp%2Fv2%2Fmedia&parent=89784"}],"wp:term":[{"taxonomy":"category","embeddable":true,"href":"https:\/\/diarioregionaldigital.com.br\/index.php?rest_route=%2Fwp%2Fv2%2Fcategories&post=89784"},{"taxonomy":"post_tag","embeddable":true,"href":"https:\/\/diarioregionaldigital.com.br\/index.php?rest_route=%2Fwp%2Fv2%2Ftags&post=89784"}],"curies":[{"name":"wp","href":"https:\/\/api.w.org\/{rel}","templated":true}]}}