{"id":89780,"date":"2018-01-17T19:08:06","date_gmt":"2018-01-17T21:08:06","guid":{"rendered":"http:\/\/diarioregionaljf.com.br\/2018\/01\/17\/exposicao-do-1-concurso-de-fotografia-da-ufjf-sera-aberta-nesta-quinta-feira\/"},"modified":"2018-01-17T19:08:06","modified_gmt":"2018-01-17T21:08:06","slug":"exposicao-do-1-concurso-de-fotografia-da-ufjf-sera-aberta-nesta-quinta-feira","status":"publish","type":"post","link":"https:\/\/diarioregionaldigital.com.br\/?p=89780","title":{"rendered":"Exposi\u00e7\u00e3o do 1\u00ba Concurso de Fotografia da UFJF ser\u00e1 aberta nesta quinta-feira"},"content":{"rendered":"<p>A exposi\u00e7\u00e3o do 1\u00ba Concurso de Fotografia da Universidade Federal de Juiz de Fora (UFJF) ser\u00e1 aberta nesta quinta-feira, 18, \u00e0s 19h. As fotos ficar\u00e3o expostas no sagu\u00e3o da Reitoria, no Centro do campus, e poder\u00e3o ser vistas das 8h \u00e0s 20h, at\u00e9 a \u00faltima semana de fevereiro. Na abertura da mostra tamb\u00e9m acontecer\u00e1 a entrega dos pr\u00eamios aos <a href=\"http:\/\/www.ufjf.br\/noticias\/2017\/12\/10\/conheca-os-ganhadores-do-1o-concurso-de-fotografia-da-ufjf\/\" target=\"_blank\" rel=\"noopener noreferrer\">ganhadores do concurso<\/a>. Ao todo estar\u00e3o expostas 27 fotos coloridas e preto e branco, que foram divididas nas categorias profissional, amador e celular.<\/p>\n<p>De acordo com o diretor de Imagem Institucional, M\u00e1rcio de Oliveira Guerra, os resultados do concurso foram acima do esperado, no que diz respeito \u00e0 qualidade. Os participantes tiveram uma perspectiva diferente ao retratar o espa\u00e7o do campus. \u201cOs olhares foram diferenciados daqueles nossos do dia a dia. O interessante tamb\u00e9m \u00e9 que muitas fotos foram noturnas, mostrando que a beleza da Universidade tamb\u00e9m \u00e9 percebida \u00e0 noite, hor\u00e1rio que ela tamb\u00e9m funciona\u201d.<\/p>\n<p>A estudante Rita Suriani se classificou em 1\u00ba lugar na categoria profissional preto e branco. Ela conta que foi a primeira vez que participou de um concurso de fotografia e que sempre gostou de enxergar o campus por \u00e2ngulos diferentes e descobrir lugares n\u00e3o muito conhecidos. \u201cSempre vou e volto de \u00f4nibus, ent\u00e3o gasto um tempo nos pontos do campus e fico observando as pessoas que passam por l\u00e1\u201d. Al\u00e9m disso, Rita considerou a experi\u00eancia gratificante e diz que ganhou uma nova forma de fotografar. \u201cEu tive a ousadia de me inspirar nas fotos do Cartier-Bresson. Me encanta a forma como ele registra os movimentos da vida cotidiana. Na hora de produzir a foto eu pensei em tentar representar tudo o que a UFJF engloba, desde o ensino at\u00e9 o lazer\u201d.<\/p>\n<p>O membro da comiss\u00e3o organizadora e bolsista de fotografia da Diretoria de Imagem Institucional, Gustavo Tempone, destaca que a iniciativa foi importante para mostrar para a comunidade como \u00e9 o Campus da UFJF. \u201cAl\u00e9m de ela ser aberta, ainda tem muitos lugares para ser explorados, mostra como o campus tem espa\u00e7os e infraestrutura para atender \u00e0 comunidade universit\u00e1ria e \u00e0 comunidade externa\u201d.<\/p>\n<p>&nbsp;<\/p>\n<p>Fonte: Assessoria<\/p>\n","protected":false},"excerpt":{"rendered":"<p>A exposi\u00e7\u00e3o do 1\u00ba Concurso de Fotografia da Universidade Federal de Juiz de Fora (UFJF) ser\u00e1 aberta nesta quinta-feira, 18, \u00e0s 19h. As fotos ficar\u00e3o expostas no sagu\u00e3o da Reitoria, no Centro do campus, e poder\u00e3o ser vistas das 8h \u00e0s 20h, at\u00e9 a \u00faltima semana de fevereiro. Na abertura da mostra tamb\u00e9m acontecer\u00e1 a [&hellip;]<\/p>\n","protected":false},"author":96,"featured_media":89779,"comment_status":"closed","ping_status":"closed","sticky":false,"template":"","format":"standard","meta":{"footnotes":""},"categories":[256],"tags":[],"class_list":["post-89780","post","type-post","status-publish","format-standard","has-post-thumbnail","hentry","category-cultura"],"_links":{"self":[{"href":"https:\/\/diarioregionaldigital.com.br\/index.php?rest_route=\/wp\/v2\/posts\/89780","targetHints":{"allow":["GET"]}}],"collection":[{"href":"https:\/\/diarioregionaldigital.com.br\/index.php?rest_route=\/wp\/v2\/posts"}],"about":[{"href":"https:\/\/diarioregionaldigital.com.br\/index.php?rest_route=\/wp\/v2\/types\/post"}],"author":[{"embeddable":true,"href":"https:\/\/diarioregionaldigital.com.br\/index.php?rest_route=\/wp\/v2\/users\/96"}],"replies":[{"embeddable":true,"href":"https:\/\/diarioregionaldigital.com.br\/index.php?rest_route=%2Fwp%2Fv2%2Fcomments&post=89780"}],"version-history":[{"count":0,"href":"https:\/\/diarioregionaldigital.com.br\/index.php?rest_route=\/wp\/v2\/posts\/89780\/revisions"}],"wp:featuredmedia":[{"embeddable":true,"href":"https:\/\/diarioregionaldigital.com.br\/index.php?rest_route=\/wp\/v2\/media\/89779"}],"wp:attachment":[{"href":"https:\/\/diarioregionaldigital.com.br\/index.php?rest_route=%2Fwp%2Fv2%2Fmedia&parent=89780"}],"wp:term":[{"taxonomy":"category","embeddable":true,"href":"https:\/\/diarioregionaldigital.com.br\/index.php?rest_route=%2Fwp%2Fv2%2Fcategories&post=89780"},{"taxonomy":"post_tag","embeddable":true,"href":"https:\/\/diarioregionaldigital.com.br\/index.php?rest_route=%2Fwp%2Fv2%2Ftags&post=89780"}],"curies":[{"name":"wp","href":"https:\/\/api.w.org\/{rel}","templated":true}]}}