{"id":89778,"date":"2018-01-17T18:52:35","date_gmt":"2018-01-17T20:52:35","guid":{"rendered":"http:\/\/diarioregionaljf.com.br\/2018\/01\/17\/foragido-por-homicidio-em-pernambuco-e-preso-pela-pc-em-uberlandia\/"},"modified":"2018-01-17T18:52:35","modified_gmt":"2018-01-17T20:52:35","slug":"foragido-por-homicidio-em-pernambuco-e-preso-pela-pc-em-uberlandia","status":"publish","type":"post","link":"https:\/\/diarioregionaldigital.com.br\/?p=89778","title":{"rendered":"Foragido por homic\u00eddio em Pernambuco \u00e9 preso pela PC em Uberl\u00e2ndia"},"content":{"rendered":"<p>A Pol\u00edcia Civil de Minas Gerais (PCMG), em Uberl\u00e2ndia (a cerca de 785 Km de JF), localizou e prendeu, na semana passada, um homem que estava foragido desde 2010, por um homic\u00eddio cometido em Petrolina (PE).<\/p>\n<p>As investiga\u00e7\u00f5es da PCMG tiveram in\u00edcio no dia 11 de janeiro, ap\u00f3s o suspeito ter sido conduzido at\u00e9 a Delegacia de Plant\u00e3o em Uberl\u00e2ndia por agress\u00e3o contra os enteados. Temendo a rea\u00e7\u00e3o do envolvido, o qual \u00e9 agressivo, os adolescentes foram assistidos pelo Centro de Refer\u00eancia Especializado de Assist\u00eancia Social (Creas) e apresentados no dia seguinte na Delegacia de Mulheres.<\/p>\n<p>Policiais civis constataram, ent\u00e3o, a exist\u00eancia de um mandado de pris\u00e3o em desfavor do investigado pelo crime de homic\u00eddio, no estado de Pernambuco. Durante interrogat\u00f3rio, o homem confessou o homic\u00eddio. Diante dos fatos, foi preso e encaminhado ao Sistema Prisional, encontrando-se \u00e0 disposi\u00e7\u00e3o da Justi\u00e7a.<\/p>\n<p>A Delegada respons\u00e1vel pelo caso, Alessandra Rodrigues Cunha, ressaltou que, em prosseguimento \u00e0s oitivas em cart\u00f3rio, foi apurado que a v\u00edtima adolescente, atualmente com 14 anos, vinha sendo abusada sexualmente pelo padrasto desde os 13 anos. \u201cO investigado ir\u00e1 responder por estupro de vulner\u00e1vel e ser\u00e1 providenciada a representa\u00e7\u00e3o de sua pris\u00e3o preventiva\u201d, informou a Delegada.<\/p>\n<p>&nbsp;<\/p>\n<p>Fonte: Assessoria<\/p>\n","protected":false},"excerpt":{"rendered":"<p>A Pol\u00edcia Civil de Minas Gerais (PCMG), em Uberl\u00e2ndia (a cerca de 785 Km de JF), localizou e prendeu, na semana passada, um homem que estava foragido desde 2010, por um homic\u00eddio cometido em Petrolina (PE). As investiga\u00e7\u00f5es da PCMG tiveram in\u00edcio no dia 11 de janeiro, ap\u00f3s o suspeito ter sido conduzido at\u00e9 a [&hellip;]<\/p>\n","protected":false},"author":96,"featured_media":89777,"comment_status":"closed","ping_status":"closed","sticky":false,"template":"","format":"standard","meta":{"footnotes":""},"categories":[252],"tags":[],"class_list":["post-89778","post","type-post","status-publish","format-standard","has-post-thumbnail","hentry","category-regiao"],"_links":{"self":[{"href":"https:\/\/diarioregionaldigital.com.br\/index.php?rest_route=\/wp\/v2\/posts\/89778","targetHints":{"allow":["GET"]}}],"collection":[{"href":"https:\/\/diarioregionaldigital.com.br\/index.php?rest_route=\/wp\/v2\/posts"}],"about":[{"href":"https:\/\/diarioregionaldigital.com.br\/index.php?rest_route=\/wp\/v2\/types\/post"}],"author":[{"embeddable":true,"href":"https:\/\/diarioregionaldigital.com.br\/index.php?rest_route=\/wp\/v2\/users\/96"}],"replies":[{"embeddable":true,"href":"https:\/\/diarioregionaldigital.com.br\/index.php?rest_route=%2Fwp%2Fv2%2Fcomments&post=89778"}],"version-history":[{"count":0,"href":"https:\/\/diarioregionaldigital.com.br\/index.php?rest_route=\/wp\/v2\/posts\/89778\/revisions"}],"wp:featuredmedia":[{"embeddable":true,"href":"https:\/\/diarioregionaldigital.com.br\/index.php?rest_route=\/wp\/v2\/media\/89777"}],"wp:attachment":[{"href":"https:\/\/diarioregionaldigital.com.br\/index.php?rest_route=%2Fwp%2Fv2%2Fmedia&parent=89778"}],"wp:term":[{"taxonomy":"category","embeddable":true,"href":"https:\/\/diarioregionaldigital.com.br\/index.php?rest_route=%2Fwp%2Fv2%2Fcategories&post=89778"},{"taxonomy":"post_tag","embeddable":true,"href":"https:\/\/diarioregionaldigital.com.br\/index.php?rest_route=%2Fwp%2Fv2%2Ftags&post=89778"}],"curies":[{"name":"wp","href":"https:\/\/api.w.org\/{rel}","templated":true}]}}