{"id":89774,"date":"2018-01-17T18:37:35","date_gmt":"2018-01-17T20:37:35","guid":{"rendered":"http:\/\/diarioregionaljf.com.br\/2018\/01\/17\/ambulantes-sao-alvo-de-nova-fiscalizacao-na-praca-do-riachuelo\/"},"modified":"2018-01-17T18:37:35","modified_gmt":"2018-01-17T20:37:35","slug":"ambulantes-sao-alvo-de-nova-fiscalizacao-na-praca-do-riachuelo","status":"publish","type":"post","link":"https:\/\/diarioregionaldigital.com.br\/?p=89774","title":{"rendered":"Ambulantes s\u00e3o alvo de nova fiscaliza\u00e7\u00e3o na Pra\u00e7a do Riachuelo"},"content":{"rendered":"<p>A Pra\u00e7a do Riachuelo, no Centro da cidade, foi alvo de mais uma opera\u00e7\u00e3o conjunta, promovida pela Secretaria de Atividades (SAU) da Prefeitura de Juiz de Fora (PJF), em parceria com a Pol\u00edcia Militar, nesta quarta-feira, 17. Os fiscais de posturas promoveram novamente a fiscaliza\u00e7\u00e3o de ambulantes irregulares, apreendendo mais de seis sacos de mercadorias.<\/p>\n<p>A a\u00e7\u00e3o visa coibir a ocupa\u00e7\u00e3o indevida das vias p\u00fablicas, garantindo a acessibilidade e a mobilidade da popula\u00e7\u00e3o e colaborando com a manuten\u00e7\u00e3o da seguran\u00e7a p\u00fablica.<\/p>\n<p>O C\u00f3digo de Posturas prev\u00ea que o respons\u00e1vel pela mercadoria tem um prazo de dez dias para resgatar o bem, mediante apresenta\u00e7\u00e3o de nota fiscal e acerto das multas devidas, taxas de apreens\u00e3o e dep\u00f3sitos incidentes. Ap\u00f3s o per\u00edodo, o material apreendido poder\u00e1 ser reaproveitado pelo Executivo, doado a \u00f3rg\u00e3os oficiais, educacionais ou assistenciais.<\/p>\n<p>A lei ainda prev\u00ea que os alimentos perec\u00edveis e materiais ilegais e il\u00edcitos apreendidos n\u00e3o s\u00e3o pass\u00edveis de devolu\u00e7\u00e3o, em qualquer situa\u00e7\u00e3o.<\/p>\n<p>&nbsp;<\/p>\n<p>Da reda\u00e7\u00e3o\/Colabora\u00e7\u00e3o: Assessoria<\/p>\n","protected":false},"excerpt":{"rendered":"<p>A Pra\u00e7a do Riachuelo, no Centro da cidade, foi alvo de mais uma opera\u00e7\u00e3o conjunta, promovida pela Secretaria de Atividades (SAU) da Prefeitura de Juiz de Fora (PJF), em parceria com a Pol\u00edcia Militar, nesta quarta-feira, 17. Os fiscais de posturas promoveram novamente a fiscaliza\u00e7\u00e3o de ambulantes irregulares, apreendendo mais de seis sacos de mercadorias. [&hellip;]<\/p>\n","protected":false},"author":96,"featured_media":89773,"comment_status":"closed","ping_status":"closed","sticky":false,"template":"","format":"standard","meta":{"footnotes":""},"categories":[253],"tags":[],"class_list":["post-89774","post","type-post","status-publish","format-standard","has-post-thumbnail","hentry","category-cidade"],"_links":{"self":[{"href":"https:\/\/diarioregionaldigital.com.br\/index.php?rest_route=\/wp\/v2\/posts\/89774","targetHints":{"allow":["GET"]}}],"collection":[{"href":"https:\/\/diarioregionaldigital.com.br\/index.php?rest_route=\/wp\/v2\/posts"}],"about":[{"href":"https:\/\/diarioregionaldigital.com.br\/index.php?rest_route=\/wp\/v2\/types\/post"}],"author":[{"embeddable":true,"href":"https:\/\/diarioregionaldigital.com.br\/index.php?rest_route=\/wp\/v2\/users\/96"}],"replies":[{"embeddable":true,"href":"https:\/\/diarioregionaldigital.com.br\/index.php?rest_route=%2Fwp%2Fv2%2Fcomments&post=89774"}],"version-history":[{"count":0,"href":"https:\/\/diarioregionaldigital.com.br\/index.php?rest_route=\/wp\/v2\/posts\/89774\/revisions"}],"wp:featuredmedia":[{"embeddable":true,"href":"https:\/\/diarioregionaldigital.com.br\/index.php?rest_route=\/wp\/v2\/media\/89773"}],"wp:attachment":[{"href":"https:\/\/diarioregionaldigital.com.br\/index.php?rest_route=%2Fwp%2Fv2%2Fmedia&parent=89774"}],"wp:term":[{"taxonomy":"category","embeddable":true,"href":"https:\/\/diarioregionaldigital.com.br\/index.php?rest_route=%2Fwp%2Fv2%2Fcategories&post=89774"},{"taxonomy":"post_tag","embeddable":true,"href":"https:\/\/diarioregionaldigital.com.br\/index.php?rest_route=%2Fwp%2Fv2%2Ftags&post=89774"}],"curies":[{"name":"wp","href":"https:\/\/api.w.org\/{rel}","templated":true}]}}