{"id":89770,"date":"2018-01-17T18:17:32","date_gmt":"2018-01-17T20:17:32","guid":{"rendered":"http:\/\/diarioregionaljf.com.br\/2018\/01\/17\/advogado-e-assassinado-com-golpes-de-machado-e-crime-pode-ter-sido-motivado-por-divida-de-honorarios\/"},"modified":"2018-01-17T18:17:32","modified_gmt":"2018-01-17T20:17:32","slug":"advogado-e-assassinado-com-golpes-de-machado-e-crime-pode-ter-sido-motivado-por-divida-de-honorarios","status":"publish","type":"post","link":"https:\/\/diarioregionaldigital.com.br\/?p=89770","title":{"rendered":"Advogado \u00e9 assassinado com golpes de machado e crime pode ter sido motivado por d\u00edvida de honor\u00e1rios"},"content":{"rendered":"<p>A Pol\u00edcia Civil (PC) investiga a morte de um advogado de 75 anos, que teria sido executado a golpes de machado em uma resid\u00eancia no bairro Parque das Torres, zona Norte. Segundo o delegado Luciano Vidal, respons\u00e1vel pela apura\u00e7\u00e3o do caso, familiares da v\u00edtima procuraram a 1\u00aa e 2\u00aa Delegacia, localizadas no bairro S\u00e3o Mateus, regi\u00e3o Central, no dia 9 de janeiro e informaram aos policiais que o homem saiu de casa no dia 2 e n\u00e3o retornou.<\/p>\n<p>Conforme o delegado, desde ent\u00e3o os policiais investigavam o desaparecimento, quando foram informados de que o advogado teria sido executado no im\u00f3vel. Diante da informa\u00e7\u00e3o, equipes da Delegacia Especializada de Homic\u00eddios e da 1\u00aa e 2\u00aa Delegacia foram at\u00e9 a casa, nessa quarta-feira, 17, e encontraram um suspeito de 21 anos.<\/p>\n<p>O crime teria acontecido por conta de uma d\u00edvida de R$300 referente a honor\u00e1rios. O jovem confessou o homic\u00eddio e ainda informou que o comparsa, de 26 anos, teria matado o advogado com golpes de machado e que ele o ajudou a carregar o corpo e jogar no Rio Paraibuna, que passa na parte dos fundos do im\u00f3vel.<\/p>\n<p>Durante as buscas, os policiais civis encontraram roupas queimadas no lote ao lado da resid\u00eancia. As pe\u00e7as foram encaminhadas \u00e0 per\u00edcia, para confirma\u00e7\u00e3o se pertenciam \u00e0 v\u00edtima.<\/p>\n<p>O suspeito de 21 anos prestou depoimento na tarde dessa quarta. De acordo com o delegado, o jovem e testemunhas confirmaram que o outro investigado teria ateado fogo nas roupas, que seriam da v\u00edtima e foram queimadas por estarem sujas de sangue.<\/p>\n<p>O jovem foi preso e encaminhado \u00e0 unidade prisional devido a um mandado de pris\u00e3o tempor\u00e1ria expedido pela Justi\u00e7a, a pedido de Vidal. O outro suspeito ainda se encontra foragido.<\/p>\n<p>&nbsp;<\/p>\n<h4>AS BUSCAS PELO CORPO<\/h4>\n<p>O Corpo de Bombeiros foi acionado para realizar as buscas do corpo. Os trabalhos se iniciaram na regi\u00e3o do bairro J\u00f3quei Clube 3, zona Norte, pr\u00f3ximo a Nestl\u00e9. Os militares fizeram varredura com t\u00e9cnicas espec\u00edficas para identifica\u00e7\u00e3o no fundo do rio e \u00e1reas de remanso.<\/p>\n<p>As buscas foram encerradas nessa quarta e os bombeiros n\u00e3o localizaram o corpo.<\/p>\n","protected":false},"excerpt":{"rendered":"<p>A Pol\u00edcia Civil (PC) investiga a morte de um advogado de 75 anos, que teria sido executado a golpes de machado em uma resid\u00eancia no bairro Parque das Torres, zona Norte. Segundo o delegado Luciano Vidal, respons\u00e1vel pela apura\u00e7\u00e3o do caso, familiares da v\u00edtima procuraram a 1\u00aa e 2\u00aa Delegacia, localizadas no bairro S\u00e3o Mateus, [&hellip;]<\/p>\n","protected":false},"author":96,"featured_media":89769,"comment_status":"closed","ping_status":"closed","sticky":false,"template":"","format":"standard","meta":{"footnotes":""},"categories":[253],"tags":[],"class_list":["post-89770","post","type-post","status-publish","format-standard","has-post-thumbnail","hentry","category-cidade"],"_links":{"self":[{"href":"https:\/\/diarioregionaldigital.com.br\/index.php?rest_route=\/wp\/v2\/posts\/89770","targetHints":{"allow":["GET"]}}],"collection":[{"href":"https:\/\/diarioregionaldigital.com.br\/index.php?rest_route=\/wp\/v2\/posts"}],"about":[{"href":"https:\/\/diarioregionaldigital.com.br\/index.php?rest_route=\/wp\/v2\/types\/post"}],"author":[{"embeddable":true,"href":"https:\/\/diarioregionaldigital.com.br\/index.php?rest_route=\/wp\/v2\/users\/96"}],"replies":[{"embeddable":true,"href":"https:\/\/diarioregionaldigital.com.br\/index.php?rest_route=%2Fwp%2Fv2%2Fcomments&post=89770"}],"version-history":[{"count":0,"href":"https:\/\/diarioregionaldigital.com.br\/index.php?rest_route=\/wp\/v2\/posts\/89770\/revisions"}],"wp:featuredmedia":[{"embeddable":true,"href":"https:\/\/diarioregionaldigital.com.br\/index.php?rest_route=\/wp\/v2\/media\/89769"}],"wp:attachment":[{"href":"https:\/\/diarioregionaldigital.com.br\/index.php?rest_route=%2Fwp%2Fv2%2Fmedia&parent=89770"}],"wp:term":[{"taxonomy":"category","embeddable":true,"href":"https:\/\/diarioregionaldigital.com.br\/index.php?rest_route=%2Fwp%2Fv2%2Fcategories&post=89770"},{"taxonomy":"post_tag","embeddable":true,"href":"https:\/\/diarioregionaldigital.com.br\/index.php?rest_route=%2Fwp%2Fv2%2Ftags&post=89770"}],"curies":[{"name":"wp","href":"https:\/\/api.w.org\/{rel}","templated":true}]}}