{"id":89768,"date":"2018-01-17T18:17:22","date_gmt":"2018-01-17T20:17:22","guid":{"rendered":"http:\/\/diarioregionaljf.com.br\/2018\/01\/17\/chapecoense-e-indicada-em-duas-categorias-do-premio-laureus-o-oscar-do-esporte\/"},"modified":"2018-01-17T18:17:22","modified_gmt":"2018-01-17T20:17:22","slug":"chapecoense-e-indicada-em-duas-categorias-do-premio-laureus-o-oscar-do-esporte","status":"publish","type":"post","link":"https:\/\/diarioregionaldigital.com.br\/?p=89768","title":{"rendered":"Chapecoense \u00e9 indicada em duas categorias do Pr\u00eamio Laureus o \u201cOscar\u201d do Esporte"},"content":{"rendered":"<p>A hist\u00f3ria de supera\u00e7\u00e3o da Chapecoense em 2017 gerou duas indica\u00e7\u00f5es ao clube no pr\u00eamio Laureus, considerado o &#8220;Oscar&#8221; do esporte. O time catarinense foi indicado nas categorias de &#8220;Retorno do ano&#8221; e &#8220;Melhor momento do ano no esporte&#8221;. A vota\u00e7\u00e3o \u00e9 aberta ao p\u00fablico e pode ser feita atrav\u00e9s deste site: <a href=\"https:\/\/mylaureus.com\/.\">https:\/\/mylaureus.com\/.<\/a><\/p>\n<p style=\"font-style: inherit;\">A organiza\u00e7\u00e3o do pr\u00eamio destacou principalmente as lutas de Alan Ruschel, Neto e Jakson Follmann para prosseguirem suas vidas ap\u00f3s o acidente a\u00e9reo que matou 71 pessoas no dia 29 de novembro de 2016 na Col\u00f4mbia. Ruschel j\u00e1 retornou ao futebol e participou da campanha da Chapecoense no Campeonato Brasileiro que levou o time \u00e0 Copa Libertadores.<\/p>\n<p style=\"font-style: inherit;\">Neto se prepara para retornar aos gramados este ano, enquanto Jackson Folmann, que teve uma perna amputada no acidente, se casou e pensa em voltar ao esporte como atleta paral\u00edmpico. Um amistoso com o Barcelona, com ova\u00e7\u00f5es aos tr\u00eas, chamou a aten\u00e7\u00e3o dos organizadores do Laureus.<\/p>\n<p style=\"font-style: inherit;\">A Chapecoense concorre com o su\u00ed\u00e7o Roger Federer, que superou les\u00e3o no joelho para vencer dois Grand Slams; com o norte-americano Justin Gatlin, que superou duas suspens\u00f5es com doping para ser campe\u00e3o mundial dos 100m rasos; com a australiana Sally Pearson, que passou por diversas les\u00f5es e foi campe\u00e3 mundial dos 100m rasos; com o italiano Valentino Rossi, que sofreu fraturas em acidente de moto mas retornou \u00e0s pistas e com o Barcelona, pela virada por 6 a 1 em cima do Paris Saint-Germain na Liga dos Campe\u00f5es.<\/p>\n<p style=\"font-style: inherit;\">Na categoria de &#8220;Melhor momento do ano no esporte&#8221;, a concorr\u00eancia tamb\u00e9m \u00e9 forte. A Chapecoense disputa com a volta \u00e0s pistas de Billy Whiz, piloto brit\u00e2nico da F\u00f3rmula 4 que perdeu as duas pernas; com a luta contra o c\u00e2ncer do pequeno Bradley Lowery, torcedor de seis anos do Sunderland; com o gesto dos atletas da universidade de Iowa de acenar para as crian\u00e7as de um hospital ao lado do campo de futebol americano e com o encontro entre o pequeno Thomas Danel, f\u00e3 da Ferrari, e o piloto Kimi Raikkonen.<\/p>\n<p style=\"font-style: inherit;\">Outros grandes nomes do esporte foram indicados em diversas categorias, como o brit\u00e2nico Lewis Hamilton e a norte-americana Serena Williams. Os vencedores do pr\u00eamio ser\u00e3o anunciados em 27 de fevereiro, em M\u00f4naco, e a vota\u00e7\u00e3o online se encerrar\u00e1 um dia antes.<\/p>\n<p style=\"font-style: inherit;\">Confira abaixo a lista de todos os indicados ao pr\u00eamio:<\/p>\n<p style=\"font-style: inherit;\">Melhor atleta homem do ano: Mo Farah (Atletismo), Roger Federer (T\u00eanis), Chris Froome (Ciclismo), Lewis Hamilton (Automobilismo), Rafael Nadal (T\u00eanis), Cristiano Ronaldo (Futebol);<\/p>\n<p style=\"font-style: inherit;\">Melhor atleta mulher do ano: Allyson Felix (Atletismo), Katie Ledecky (Nata\u00e7\u00e3o), Garbi\u00f1e Muguruza (T\u00eanis), Caster Semenya (Atletismo), Mikaela Shiffrin (Esqui), Serena Williams (T\u00eanis);<\/p>\n<p style=\"font-style: inherit;\">Time do ano: Equipe francesa na Copa Davis (T\u00eanis), Golden State Warriors (Basquete), Mercedes (Automobilismo), equipe da Nova Zel\u00e2ndia na Copa Am\u00e9rica (Vela), New England Patriots (Futebol Americano) e Real Madrid (Futebol);<\/p>\n<p style=\"font-style: inherit;\">Estreante do ano: Giannis Antetokounmpo (Basquete), Caeleb Dressel (Nata\u00e7\u00e3o), Sergio Garcia (Golfe), Anthony Joshua (Boxe), Kylian Mbappe (Futebol), Jelena Ostapenko (T\u00eanis);<\/p>\n<p style=\"font-style: inherit;\">Personalidade do ano entre atletas paral\u00edmpicos: Marcel Hug (Atletismo), Yui Kamiji (T\u00eanis em cadeira de rodas), Oksana Masters (Esqui cross-country), Bibian Mentel-Spee (Snowboard), Jetze Plat (Triatlo e atletismo) e Markus Rehm (Atletismo);<\/p>\n<p style=\"font-style: inherit;\">Personalidade do ano entre atletas de a\u00e7\u00e3o: John John Florence (Surfe), Anna Gasser (Snowboard), Nyjah Huston (Skate), Armel Le Cl\u00e9ac&#8217;h (Vela), Mark McMorris (Snowboard), Tyler Wright (Surfe);<\/p>\n<p>Melhor retorno do ano: Barcelona, Roger Federer, Justin Gatlin, Sally Pearson, Valentino Rossi e Chapecoense;<\/p>\n<p style=\"font-style: inherit;\">Melhor momento no esporte: &#8220;a volta de Billy Whizz&#8221;, &#8220;a luta de Bradley Lowery&#8221;, &#8220;os eternos campe\u00f5es da Chapecoense&#8221;, &#8220;o aceno \u00e0s crian\u00e7as&#8221; e &#8220;quando as l\u00e1grimas de Thomas Danel se tornaram sorrisos&#8221;.<\/p>\n<p><strong>&nbsp;<\/strong><\/p>\n<p><strong>Fonte: Ag\u00eancia do Estado<\/strong><\/p>\n","protected":false},"excerpt":{"rendered":"<p>A hist\u00f3ria de supera\u00e7\u00e3o da Chapecoense em 2017 gerou duas indica\u00e7\u00f5es ao clube no pr\u00eamio Laureus, considerado o &#8220;Oscar&#8221; do esporte. O time catarinense foi indicado nas categorias de &#8220;Retorno do ano&#8221; e &#8220;Melhor momento do ano no esporte&#8221;. A vota\u00e7\u00e3o \u00e9 aberta ao p\u00fablico e pode ser feita atrav\u00e9s deste site: https:\/\/mylaureus.com\/. A organiza\u00e7\u00e3o [&hellip;]<\/p>\n","protected":false},"author":96,"featured_media":89767,"comment_status":"closed","ping_status":"closed","sticky":false,"template":"","format":"standard","meta":{"footnotes":""},"categories":[257],"tags":[],"class_list":["post-89768","post","type-post","status-publish","format-standard","has-post-thumbnail","hentry","category-esporte"],"_links":{"self":[{"href":"https:\/\/diarioregionaldigital.com.br\/index.php?rest_route=\/wp\/v2\/posts\/89768","targetHints":{"allow":["GET"]}}],"collection":[{"href":"https:\/\/diarioregionaldigital.com.br\/index.php?rest_route=\/wp\/v2\/posts"}],"about":[{"href":"https:\/\/diarioregionaldigital.com.br\/index.php?rest_route=\/wp\/v2\/types\/post"}],"author":[{"embeddable":true,"href":"https:\/\/diarioregionaldigital.com.br\/index.php?rest_route=\/wp\/v2\/users\/96"}],"replies":[{"embeddable":true,"href":"https:\/\/diarioregionaldigital.com.br\/index.php?rest_route=%2Fwp%2Fv2%2Fcomments&post=89768"}],"version-history":[{"count":0,"href":"https:\/\/diarioregionaldigital.com.br\/index.php?rest_route=\/wp\/v2\/posts\/89768\/revisions"}],"wp:featuredmedia":[{"embeddable":true,"href":"https:\/\/diarioregionaldigital.com.br\/index.php?rest_route=\/wp\/v2\/media\/89767"}],"wp:attachment":[{"href":"https:\/\/diarioregionaldigital.com.br\/index.php?rest_route=%2Fwp%2Fv2%2Fmedia&parent=89768"}],"wp:term":[{"taxonomy":"category","embeddable":true,"href":"https:\/\/diarioregionaldigital.com.br\/index.php?rest_route=%2Fwp%2Fv2%2Fcategories&post=89768"},{"taxonomy":"post_tag","embeddable":true,"href":"https:\/\/diarioregionaldigital.com.br\/index.php?rest_route=%2Fwp%2Fv2%2Ftags&post=89768"}],"curies":[{"name":"wp","href":"https:\/\/api.w.org\/{rel}","templated":true}]}}