{"id":89766,"date":"2018-01-17T18:13:18","date_gmt":"2018-01-17T20:13:18","guid":{"rendered":"http:\/\/diarioregionaljf.com.br\/2018\/01\/17\/programa-esporte-e-lazer-da-cidade-realiza-evento-sabado-no-inicio-das-atividades\/"},"modified":"2018-01-17T18:13:18","modified_gmt":"2018-01-17T20:13:18","slug":"programa-esporte-e-lazer-da-cidade-realiza-evento-sabado-no-inicio-das-atividades","status":"publish","type":"post","link":"https:\/\/diarioregionaldigital.com.br\/?p=89766","title":{"rendered":"Programa \u201cEsporte e Lazer da Cidade\u201d realiza evento s\u00e1bado no in\u00edcio das atividades"},"content":{"rendered":"<p>No s\u00e1bado, 20, ser\u00e1 realizado na pra\u00e7a do Bairro S\u00e3o Mateus, a partir das 9 horas, evento inaugural do Programa \u201cEsporte e Lazer da Cidade\u201d (Pelc). O objetivo \u00e9 apresentar o programa, para que as pessoas possam se inscrever e participar das diversas atividades contempladas. Durante o evento ser\u00e3o apresentadas oficinas de cultura, dan\u00e7a e atividades esportivas. Al\u00e9m disso, haver\u00e1 local para inscri\u00e7\u00f5es dos interessados nas atividades propostas pelo programa.<\/p>\n<p>O Pelc \u00e9 parceria entre a Prefeitura de Juiz de Fora (PJF) e o Governo federal, coordenado pela Secretaria de Esporte e Lazer (SEL), proporcionando pr\u00e1tica de atividades f\u00edsicas, culturais e lazer, envolvendo todas as faixas et\u00e1rias e pessoas com defici\u00eancia. Al\u00e9m disso, tem objetivo de estimular conviv\u00eancia social, forma\u00e7\u00e3o de gestores e lideran\u00e7as comunit\u00e1rias e favorecer pesquisa e socializa\u00e7\u00e3o do conhecimento, contribuindo para que esporte e lazer sejam tratados como pol\u00edticas e direitos de todos.<\/p>\n<p><strong>Inscri\u00e7\u00f5es abertas<\/strong><\/p>\n<p>O programa ser\u00e1 em dois n\u00facleos, com dois subn\u00facleos em cada um. O da Zona Sul ser\u00e1 composto pelo Centro Cultural Aboli\u00e7\u00e3o, como principal, e Polivalente Teixeiras e Pra\u00e7a S\u00e3o Mateus como secund\u00e1rios. Na zona norte, a Escola Estadual \u201cMaria Elba Braga\u201d ser\u00e1 o n\u00facleo, acompanhada do Campo do Cer\u00e2mica e do N\u00facleo Travessia como subn\u00facleos, oferecendo oficinas de v\u00f4lei, handebol, futebol, basquete, lutas, artesanato, dan\u00e7as, mesa de leitura, caminhada, entre outras.<\/p>\n<p>As inscri\u00e7\u00f5es s\u00e3o gratuitas e estar\u00e3o dispon\u00edveis, diretamente nos n\u00facleos. Ser\u00e1 necess\u00e1rio apresentar carteira de identidade, CPF, comprovante de resid\u00eancia e, caso seja menor de 18 anos, estar acompanhado de um respons\u00e1vel.&nbsp;<\/p>\n<p>A previs\u00e3o \u00e9 de cerca de 400 atendimentos por dia, de segunda a sexta-feira, de acordo com os hor\u00e1rios de cada atividade.<\/p>\n<p><strong>&nbsp;<\/strong><\/p>\n<p><strong>Confira o endere\u00e7o de cada n\u00facleo e hor\u00e1rios para inscri\u00e7\u00f5es:<\/strong><\/p>\n<p>N\u00facleo Aboli\u00e7\u00e3o \u2013 Rua Robson da Costa Magalh\u00e3es, 9 \u2013 Bela Aurora \u2013<br \/> inscri\u00e7\u00f5es das 8h30 \u00e0s 11 horas.<\/p>\n<p>Subn\u00facleo Polivalente Teixeiras \u2013 Rua No\u00eamia Mendon\u00e7a \u2013 Teixeiras \u2013<br \/> inscri\u00e7\u00f5es das 8h30 \u00e0s 11 horas.<\/p>\n<p>Subn\u00facleo S\u00e3o Mateus \u2013 Pra\u00e7a S\u00e3o Mateus \u2013 Pra\u00e7a Jarbas de Lery Santos \u2013 inscri\u00e7\u00f5es Rua S\u00e3o Mateus \u2013 das 8h30 \u00e0s 11 horas e das 14 \u00e0s 17 horas.<\/p>\n<p>N\u00facleo Maria Elba Braga \u2013 Rua Edgar de Paiva Aguiar, n\u00ba 155 \u2013 Cer\u00e2mica \u2013<br \/> inscri\u00e7\u00f5es das 8h30 \u00e0s 11 horas.<\/p>\n<p>Subn\u00facleo Travessia \u2013 Rua Jacinto Marcelino n\u00ba 25 \u2013 Vila Olavo Costa \u2013<br \/> inscri\u00e7\u00f5es das 8h30 \u00e0s 11 horas e das 14 \u00e0s 17 horas.<\/p>\n<p>Subn\u00facleo Cer\u00e2mica \u2013 Rua Francisco de Almeida \u2013 Cer\u00e2mica \u2013<br \/> inscri\u00e7\u00f5es das 8h30 \u00e0s 11 horas.<\/p>\n<p>&nbsp;<\/p>\n","protected":false},"excerpt":{"rendered":"<p>No s\u00e1bado, 20, ser\u00e1 realizado na pra\u00e7a do Bairro S\u00e3o Mateus, a partir das 9 horas, evento inaugural do Programa \u201cEsporte e Lazer da Cidade\u201d (Pelc). O objetivo \u00e9 apresentar o programa, para que as pessoas possam se inscrever e participar das diversas atividades contempladas. Durante o evento ser\u00e3o apresentadas oficinas de cultura, dan\u00e7a e [&hellip;]<\/p>\n","protected":false},"author":96,"featured_media":89765,"comment_status":"closed","ping_status":"closed","sticky":false,"template":"","format":"standard","meta":{"footnotes":""},"categories":[257],"tags":[],"class_list":["post-89766","post","type-post","status-publish","format-standard","has-post-thumbnail","hentry","category-esporte"],"_links":{"self":[{"href":"https:\/\/diarioregionaldigital.com.br\/index.php?rest_route=\/wp\/v2\/posts\/89766","targetHints":{"allow":["GET"]}}],"collection":[{"href":"https:\/\/diarioregionaldigital.com.br\/index.php?rest_route=\/wp\/v2\/posts"}],"about":[{"href":"https:\/\/diarioregionaldigital.com.br\/index.php?rest_route=\/wp\/v2\/types\/post"}],"author":[{"embeddable":true,"href":"https:\/\/diarioregionaldigital.com.br\/index.php?rest_route=\/wp\/v2\/users\/96"}],"replies":[{"embeddable":true,"href":"https:\/\/diarioregionaldigital.com.br\/index.php?rest_route=%2Fwp%2Fv2%2Fcomments&post=89766"}],"version-history":[{"count":0,"href":"https:\/\/diarioregionaldigital.com.br\/index.php?rest_route=\/wp\/v2\/posts\/89766\/revisions"}],"wp:featuredmedia":[{"embeddable":true,"href":"https:\/\/diarioregionaldigital.com.br\/index.php?rest_route=\/wp\/v2\/media\/89765"}],"wp:attachment":[{"href":"https:\/\/diarioregionaldigital.com.br\/index.php?rest_route=%2Fwp%2Fv2%2Fmedia&parent=89766"}],"wp:term":[{"taxonomy":"category","embeddable":true,"href":"https:\/\/diarioregionaldigital.com.br\/index.php?rest_route=%2Fwp%2Fv2%2Fcategories&post=89766"},{"taxonomy":"post_tag","embeddable":true,"href":"https:\/\/diarioregionaldigital.com.br\/index.php?rest_route=%2Fwp%2Fv2%2Ftags&post=89766"}],"curies":[{"name":"wp","href":"https:\/\/api.w.org\/{rel}","templated":true}]}}