{"id":89764,"date":"2018-01-17T18:01:33","date_gmt":"2018-01-17T20:01:33","guid":{"rendered":"http:\/\/diarioregionaljf.com.br\/2018\/01\/17\/pjf-divulga-convocacao-de-professores-para-anos-iniciais-eja\/"},"modified":"2018-01-17T18:01:33","modified_gmt":"2018-01-17T20:01:33","slug":"pjf-divulga-convocacao-de-professores-para-anos-iniciais-eja","status":"publish","type":"post","link":"https:\/\/diarioregionaldigital.com.br\/?p=89764","title":{"rendered":"PJF divulga convoca\u00e7\u00e3o de professores para Anos Iniciais\/EJA"},"content":{"rendered":"<p>A Prefeitura de Juiz De Fora (PJF) divulgou, nesta quarta-feira, 17, a listagem de convoca\u00e7\u00e3o dos aprovados no processo seletivo para professor dos anos iniciais do Ensino Fundamental e Educa\u00e7\u00e3o de Jovens e Adultos (EJA) (Edital n\u00ba 335-SARH). Os convocados dever\u00e3o comparecer ao Centro de Forma\u00e7\u00e3o de Professor (Av. Get\u00falio Vargas, n\u00ba200, Centro). As contrata\u00e7\u00f5es come\u00e7am nesta quinta-feira, 18, e v\u00e3o at\u00e9 o dia 24. Os aprovados devem ficar atentos ao seu respectivo dia e hor\u00e1rio de contrata\u00e7\u00e3o. As informa\u00e7\u00f5es foram publicadas no Di\u00e1rio Oficial Eletr\u00f4nico do Munic\u00edpio (Atos do Governo) e podem ser conferidas nos links abaixo:<\/p>\n<p>&nbsp;<\/p>\n<p>&#8211; Convocados para o dia <a href=\"https:\/\/www.pjf.mg.gov.br\/e_atos\/e_atos_vis.php?id=58602\" target=\"_blank\" rel=\"noopener noreferrer\">18\/01<\/a><\/p>\n<p>&#8211; Convocados para o dia <a href=\"https:\/\/www.pjf.mg.gov.br\/e_atos\/e_atos_vis.php?id=58603\" target=\"_blank\" rel=\"noopener noreferrer\">19\/01<\/a><\/p>\n<p>&#8211; Convocados para o dia <a href=\"https:\/\/www.pjf.mg.gov.br\/e_atos\/e_atos_vis.php?id=58604\" target=\"_blank\" rel=\"noopener noreferrer\">22\/01<\/a><\/p>\n<p>&#8211; Convocados para o dia <a href=\"https:\/\/www.pjf.mg.gov.br\/e_atos\/e_atos_vis.php?id=58605\" target=\"_blank\" rel=\"noopener noreferrer\">23\/01<\/a><\/p>\n<p>&#8211; Convocados para o dia <a href=\"https:\/\/www.pjf.mg.gov.br\/e_atos\/e_atos_vis.php?id=58608\" target=\"_blank\" rel=\"noopener noreferrer\">24\/01<\/a><\/p>\n<p>&nbsp;<\/p>\n<p>A fase de chamadas dever\u00e1 ocorrer durante todo este m\u00eas, e os candidatos devem acompanhar as publica\u00e7\u00f5es no \u201cAtos do Governo\u201d ou na se\u00e7\u00e3o \u201cContrata\u00e7\u00e3o tempor\u00e1ria\u201d, no site da PJF.<\/p>\n<p>&nbsp;<\/p>\n<p>Fonte: Assessoria<\/p>\n","protected":false},"excerpt":{"rendered":"<p>A Prefeitura de Juiz De Fora (PJF) divulgou, nesta quarta-feira, 17, a listagem de convoca\u00e7\u00e3o dos aprovados no processo seletivo para professor dos anos iniciais do Ensino Fundamental e Educa\u00e7\u00e3o de Jovens e Adultos (EJA) (Edital n\u00ba 335-SARH). Os convocados dever\u00e3o comparecer ao Centro de Forma\u00e7\u00e3o de Professor (Av. Get\u00falio Vargas, n\u00ba200, Centro). As contrata\u00e7\u00f5es [&hellip;]<\/p>\n","protected":false},"author":96,"featured_media":89763,"comment_status":"closed","ping_status":"closed","sticky":false,"template":"","format":"standard","meta":{"footnotes":""},"categories":[280],"tags":[],"class_list":["post-89764","post","type-post","status-publish","format-standard","has-post-thumbnail","hentry","category-concurso"],"_links":{"self":[{"href":"https:\/\/diarioregionaldigital.com.br\/index.php?rest_route=\/wp\/v2\/posts\/89764","targetHints":{"allow":["GET"]}}],"collection":[{"href":"https:\/\/diarioregionaldigital.com.br\/index.php?rest_route=\/wp\/v2\/posts"}],"about":[{"href":"https:\/\/diarioregionaldigital.com.br\/index.php?rest_route=\/wp\/v2\/types\/post"}],"author":[{"embeddable":true,"href":"https:\/\/diarioregionaldigital.com.br\/index.php?rest_route=\/wp\/v2\/users\/96"}],"replies":[{"embeddable":true,"href":"https:\/\/diarioregionaldigital.com.br\/index.php?rest_route=%2Fwp%2Fv2%2Fcomments&post=89764"}],"version-history":[{"count":0,"href":"https:\/\/diarioregionaldigital.com.br\/index.php?rest_route=\/wp\/v2\/posts\/89764\/revisions"}],"wp:featuredmedia":[{"embeddable":true,"href":"https:\/\/diarioregionaldigital.com.br\/index.php?rest_route=\/wp\/v2\/media\/89763"}],"wp:attachment":[{"href":"https:\/\/diarioregionaldigital.com.br\/index.php?rest_route=%2Fwp%2Fv2%2Fmedia&parent=89764"}],"wp:term":[{"taxonomy":"category","embeddable":true,"href":"https:\/\/diarioregionaldigital.com.br\/index.php?rest_route=%2Fwp%2Fv2%2Fcategories&post=89764"},{"taxonomy":"post_tag","embeddable":true,"href":"https:\/\/diarioregionaldigital.com.br\/index.php?rest_route=%2Fwp%2Fv2%2Ftags&post=89764"}],"curies":[{"name":"wp","href":"https:\/\/api.w.org\/{rel}","templated":true}]}}