{"id":89760,"date":"2018-01-17T17:50:30","date_gmt":"2018-01-17T19:50:30","guid":{"rendered":"http:\/\/diarioregionaljf.com.br\/2018\/01\/17\/boletim-epidemiologico-estadual-aponta-caso-suspeito-de-febre-amarela-em-juiz-de-fora\/"},"modified":"2018-01-17T17:50:30","modified_gmt":"2018-01-17T19:50:30","slug":"boletim-epidemiologico-estadual-aponta-caso-suspeito-de-febre-amarela-em-juiz-de-fora","status":"publish","type":"post","link":"https:\/\/diarioregionaldigital.com.br\/?p=89760","title":{"rendered":"Boletim epidemiol\u00f3gico estadual aponta caso suspeito de febre amarela em Juiz de Fora"},"content":{"rendered":"<p>ATUALIZADA \u00c0S 16H13, EM 17\/01\/2018<\/p>\n<p>O <a href=\"http:\/\/www.saude.mg.gov.br\/images\/noticias_e_eventos\/000_2018\/01-jan-fev-marc-abril\/Boletins_AEDES\/Boletim_-_Febre_Amarela_17_de_janeiro_de_2018_-_FINAL.pdf\" target=\"_blank\" rel=\"noopener noreferrer\">boletim epidemiol\u00f3gico<\/a> divulgado pela Secretaria de Estado de Sa\u00fade de Minas Gerais (SES\/MG) nesta quarta-feira, 17, aponta que, at\u00e9 o momento, h\u00e1 22 casos confirmados de febre amarela no estado &#8211; destes, 15 evolu\u00edram para \u00f3bito &#8211; e que h\u00e1 outros 46 casos em investiga\u00e7\u00e3o, entre eles, um em Juiz de Fora.<\/p>\n<p>A Secretaria de Sa\u00fade (SS) da Prefeitura de Juiz de Fora (PJF) informou, em nota, que aguarda resultado do exame sobre o caso em investiga\u00e7\u00e3o pela SES\/MG e refor\u00e7a que todas as medidas preconizadas pelo Minist\u00e9rio da Sa\u00fade (MS) e pela Secretaria estadual para preven\u00e7\u00e3o, combate e tratamento da febre amarela est\u00e3o sendo tomadas. &#8220;As a\u00e7\u00f5es de campo, tanto com controle vetorial quanto com aplica\u00e7\u00e3o de inseticida por meio de UBV, indicado para locais onde s\u00e3o encontrados animais mortos, foram feitas imediatamente. A PJF ressalta ainda que a cobertura vacinal contra a doen\u00e7a na cidade est\u00e1 pr\u00f3xima dos 90% e que vem intensificando as a\u00e7\u00f5es para amplia\u00e7\u00e3o deste percentual, para garantir a prote\u00e7\u00e3o de toda a popula\u00e7\u00e3o&#8221;, esclareceu o comunicado.<\/p>\n<p>A pasta ainda ressaltou que o hor\u00e1rio de vacina\u00e7\u00e3o nas UBS ser\u00e1 estendido entre 19 de janeiro e 2 de fevereiro, nos dias de semana, com atendimento entre 11h e 13h para aplica\u00e7\u00e3o das doses. No pr\u00f3ximo s\u00e1bado, 20, 66 postos de vacina\u00e7\u00e3o estar\u00e3o abertos em toda a cidade, das 8h \u00e0s 17h. Tamb\u00e9m no s\u00e1bado,o Espa\u00e7o Cidad\u00e3o estar\u00e1 aberto para aplica\u00e7\u00e3o das doses em substitui\u00e7\u00e3o ao PAM Marechal, que n\u00e3o funcionar\u00e1 no dia.<\/p>\n<p>&nbsp;<\/p>\n<h4>A DOEN\u00c7A EM MINAS<\/h4>\n<p>Conforme o boletim da SES-MG, no per\u00edodo de monitoramento 2016\/2017 (julho\/2016 a junho\/2017), foram registrados 475 casos confirmados da doen\u00e7a em Minas, dos quais 162 evolu\u00edram para \u00f3bito.<\/p>\n<p>Outros 22 casos foram confirmados desde o in\u00edcio do 2\u00ba per\u00edodo de monitoramento, que teve in\u00edcio em julho do ano passado. Desse total, 21 (95,5%) s\u00e3o em pessoas do sexo masculino e apenas um (4,5%) do sexo feminino. Conforme a pasta, at\u00e9 o momento n\u00e3o h\u00e1 relato de vacina\u00e7\u00e3o para a febre amarela entre os referidos casos.<\/p>\n","protected":false},"excerpt":{"rendered":"<p>ATUALIZADA \u00c0S 16H13, EM 17\/01\/2018 O boletim epidemiol\u00f3gico divulgado pela Secretaria de Estado de Sa\u00fade de Minas Gerais (SES\/MG) nesta quarta-feira, 17, aponta que, at\u00e9 o momento, h\u00e1 22 casos confirmados de febre amarela no estado &#8211; destes, 15 evolu\u00edram para \u00f3bito &#8211; e que h\u00e1 outros 46 casos em investiga\u00e7\u00e3o, entre eles, um em [&hellip;]<\/p>\n","protected":false},"author":96,"featured_media":89759,"comment_status":"closed","ping_status":"closed","sticky":false,"template":"","format":"standard","meta":{"footnotes":""},"categories":[253],"tags":[],"class_list":["post-89760","post","type-post","status-publish","format-standard","has-post-thumbnail","hentry","category-cidade"],"_links":{"self":[{"href":"https:\/\/diarioregionaldigital.com.br\/index.php?rest_route=\/wp\/v2\/posts\/89760","targetHints":{"allow":["GET"]}}],"collection":[{"href":"https:\/\/diarioregionaldigital.com.br\/index.php?rest_route=\/wp\/v2\/posts"}],"about":[{"href":"https:\/\/diarioregionaldigital.com.br\/index.php?rest_route=\/wp\/v2\/types\/post"}],"author":[{"embeddable":true,"href":"https:\/\/diarioregionaldigital.com.br\/index.php?rest_route=\/wp\/v2\/users\/96"}],"replies":[{"embeddable":true,"href":"https:\/\/diarioregionaldigital.com.br\/index.php?rest_route=%2Fwp%2Fv2%2Fcomments&post=89760"}],"version-history":[{"count":0,"href":"https:\/\/diarioregionaldigital.com.br\/index.php?rest_route=\/wp\/v2\/posts\/89760\/revisions"}],"wp:featuredmedia":[{"embeddable":true,"href":"https:\/\/diarioregionaldigital.com.br\/index.php?rest_route=\/wp\/v2\/media\/89759"}],"wp:attachment":[{"href":"https:\/\/diarioregionaldigital.com.br\/index.php?rest_route=%2Fwp%2Fv2%2Fmedia&parent=89760"}],"wp:term":[{"taxonomy":"category","embeddable":true,"href":"https:\/\/diarioregionaldigital.com.br\/index.php?rest_route=%2Fwp%2Fv2%2Fcategories&post=89760"},{"taxonomy":"post_tag","embeddable":true,"href":"https:\/\/diarioregionaldigital.com.br\/index.php?rest_route=%2Fwp%2Fv2%2Ftags&post=89760"}],"curies":[{"name":"wp","href":"https:\/\/api.w.org\/{rel}","templated":true}]}}