{"id":89758,"date":"2018-01-17T17:24:35","date_gmt":"2018-01-17T19:24:35","guid":{"rendered":"http:\/\/diarioregionaljf.com.br\/2018\/01\/17\/autuacoes-por-radares-diminuem-20-em-2017\/"},"modified":"2018-01-17T17:24:35","modified_gmt":"2018-01-17T19:24:35","slug":"autuacoes-por-radares-diminuem-20-em-2017","status":"publish","type":"post","link":"https:\/\/diarioregionaldigital.com.br\/?p=89758","title":{"rendered":"Autua\u00e7\u00f5es por radares diminuem 20% em 2017"},"content":{"rendered":"<p>De acordo com dados divulgados pela Secretaria de Transporte e Tr\u00e2nsito (Settra) da Prefeitura de Juiz de Fora (PJF) nessa ter\u00e7a-feira, 16, as infra\u00e7\u00f5es de tr\u00e2nsito registradas por radares diminu\u00edram 20,55% em 2017. Foram 46.905, contra 59.032 autua\u00e7\u00f5es emitidas no ano anterior.<\/p>\n<p>A queda nas autua\u00e7\u00f5es \u00e9 liderada pelas infra\u00e7\u00f5es de avan\u00e7o de sinal. Ao longo de 2017, foram 3.329 casos, 30,88% a menos quando comparados aos 4.816 registrados em 2016. O excesso de velocidade aparece em segundo lugar, com diminui\u00e7\u00e3o de 19,37%. Foram 43.465 autua\u00e7\u00f5es em 2017, contra 54.107 em 2016. As infra\u00e7\u00f5es relativas a parada sobre a faixa de pedestre foram as \u00fanicas que se mantiveram est\u00e1veis. Foram 111 autua\u00e7\u00f5es no \u00faltimo ano, contra 109 registros em 2016.<\/p>\n<p>Segundo o secret\u00e1rio de Transporte e Tr\u00e2nsito, Rodrigo Tortoriello, \u201cmotoristas e pedestres precisam de cada vez mais consci\u00eancia para um tr\u00e2nsito mais seguro e harmonioso. Estes equipamentos s\u00e3o utilizados para, de alguma forma, educar aqueles motoristas que ainda se arriscam ao volante. Precisamos, a cada ano, diminuir cada vez mais o n\u00famero de infra\u00e7\u00f5es cometidas\u201d.<\/p>\n<p>&nbsp;<\/p>\n<h4>RADARES DE FISCALIZA\u00c7\u00c3O TRIPLA<\/h4>\n<p>Em funcionamento desde fevereiro de 2014, os equipamentos possuem duas c\u00e2meras, uma frontal e uma traseira. Assim, as infra\u00e7\u00f5es de avan\u00e7o de sem\u00e1foro e parada sobre a faixa s\u00e3o registradas de duas formas: traseira, com foco no ve\u00edculo, e frontal panor\u00e2mica, com foco no cruzamento. A imagem frontal permite identificar a aproxima\u00e7\u00e3o de ve\u00edculos de emerg\u00eancia. Como a multa \u00e9 validada na central, por um agente de tr\u00e2nsito, os ve\u00edculos que forem registrados pelo radar dando passagem ao carro de emerg\u00eancia ficam isentos da autua\u00e7\u00e3o.<\/p>\n<p>Os equipamentos eletr\u00f4nicos de fiscaliza\u00e7\u00e3o est\u00e3o instalados na Avenida Bar\u00e3o do Rio Branco, em frente ao Sport Club; nos cruzamentos da Avenida Brasil e Rua Benjamin Constant e na Avenida Doutor Paulo Japiassu Coellho, esquina com Rua Tom Fagundes. Em todos estes locais, funcionam nos dois sentidos.<\/p>\n<p>&nbsp;<\/p>\n<p>Fonte: Assessoria<\/p>\n","protected":false},"excerpt":{"rendered":"<p>De acordo com dados divulgados pela Secretaria de Transporte e Tr\u00e2nsito (Settra) da Prefeitura de Juiz de Fora (PJF) nessa ter\u00e7a-feira, 16, as infra\u00e7\u00f5es de tr\u00e2nsito registradas por radares diminu\u00edram 20,55% em 2017. Foram 46.905, contra 59.032 autua\u00e7\u00f5es emitidas no ano anterior. A queda nas autua\u00e7\u00f5es \u00e9 liderada pelas infra\u00e7\u00f5es de avan\u00e7o de sinal. Ao [&hellip;]<\/p>\n","protected":false},"author":96,"featured_media":89757,"comment_status":"closed","ping_status":"closed","sticky":false,"template":"","format":"standard","meta":{"footnotes":""},"categories":[253],"tags":[],"class_list":["post-89758","post","type-post","status-publish","format-standard","has-post-thumbnail","hentry","category-cidade"],"_links":{"self":[{"href":"https:\/\/diarioregionaldigital.com.br\/index.php?rest_route=\/wp\/v2\/posts\/89758","targetHints":{"allow":["GET"]}}],"collection":[{"href":"https:\/\/diarioregionaldigital.com.br\/index.php?rest_route=\/wp\/v2\/posts"}],"about":[{"href":"https:\/\/diarioregionaldigital.com.br\/index.php?rest_route=\/wp\/v2\/types\/post"}],"author":[{"embeddable":true,"href":"https:\/\/diarioregionaldigital.com.br\/index.php?rest_route=\/wp\/v2\/users\/96"}],"replies":[{"embeddable":true,"href":"https:\/\/diarioregionaldigital.com.br\/index.php?rest_route=%2Fwp%2Fv2%2Fcomments&post=89758"}],"version-history":[{"count":0,"href":"https:\/\/diarioregionaldigital.com.br\/index.php?rest_route=\/wp\/v2\/posts\/89758\/revisions"}],"wp:featuredmedia":[{"embeddable":true,"href":"https:\/\/diarioregionaldigital.com.br\/index.php?rest_route=\/wp\/v2\/media\/89757"}],"wp:attachment":[{"href":"https:\/\/diarioregionaldigital.com.br\/index.php?rest_route=%2Fwp%2Fv2%2Fmedia&parent=89758"}],"wp:term":[{"taxonomy":"category","embeddable":true,"href":"https:\/\/diarioregionaldigital.com.br\/index.php?rest_route=%2Fwp%2Fv2%2Fcategories&post=89758"},{"taxonomy":"post_tag","embeddable":true,"href":"https:\/\/diarioregionaldigital.com.br\/index.php?rest_route=%2Fwp%2Fv2%2Ftags&post=89758"}],"curies":[{"name":"wp","href":"https:\/\/api.w.org\/{rel}","templated":true}]}}