{"id":89754,"date":"2018-01-17T15:20:40","date_gmt":"2018-01-17T17:20:40","guid":{"rendered":"http:\/\/diarioregionaljf.com.br\/2018\/01\/17\/governo-anuncia-r-406-milhoes-para-escolas-em-tempo-integral\/"},"modified":"2018-01-17T15:20:40","modified_gmt":"2018-01-17T17:20:40","slug":"governo-anuncia-r-406-milhoes-para-escolas-em-tempo-integral","status":"publish","type":"post","link":"https:\/\/diarioregionaldigital.com.br\/?p=89754","title":{"rendered":"Governo anuncia R$ 406 milh\u00f5es para escolas em tempo integral"},"content":{"rendered":"<p>O presidente Michel Temer e o ministro da Educa\u00e7\u00e3o, Mendon\u00e7a Filho, anunciaram hoje (17) a libera\u00e7\u00e3o de R$ 406 milh\u00f5es para o Programa de Fomento \u00e0s Escolas de Ensino M\u00e9dio em Tempo Integral. O recurso ser\u00e1 destinado \u00e0s 27 unidades da federa\u00e7\u00e3o ao longo de 2018.<\/p>\n<p>Do total liberado, cerca de R$ 173 milh\u00f5es ser\u00e3o destinados para investimentos e R$ 233 milh\u00f5es para custeio. De acordo com o Minist\u00e9rio da Educa\u00e7\u00e3o, a libera\u00e7\u00e3o vai ampliar de 516 para 967 o n\u00famero de escolas financiadas, o que representa um aumento de 87% de escolas atendidas em todo o pa\u00eds. Com a libera\u00e7\u00e3o de recursos de hoje, os valores totais destinados ao programa v\u00e3o superar os R$ 700 milh\u00f5es.<\/p>\n<p>Segundo o Minist\u00e9rio da Educa\u00e7\u00e3o, em 2017 foram apoiadas pelo programa 516 escolas com 148.760 mil matr\u00edculas. Para este ano, ser\u00e3o 967 escolas, com 284.728 matr\u00edculas. A meta do programa \u00e9 alcan\u00e7ar a marca de 500 mil matr\u00edculas.<\/p>\n<p>Na cerim\u00f4nia do an\u00fancio da libera\u00e7\u00e3o dos recursos, o presidente Michel Temer destacou a import\u00e2ncia do ensino em tempo integral para al\u00e7ar o Brasil ao s\u00e9culo 21, seguindo o exemplo de pa\u00edses desenvolvidos que adotam esse modelo. Ele tamb\u00e9m rassaltou a fun\u00e7\u00e3o social do tempo integral. \u201cEm um pa\u00eds carente como o nosso, muitas vezes se os mais pobres permanecem em tempo integral recebem um aux\u00edlio social, como a alimenta\u00e7\u00e3o, muito eficiente\u201d, disse.<\/p>\n<p>O ministro Mendon\u00e7a Filho citou as vantagens do ensino em tempo integral. \u201c[As escolas em tempo integral] transformam fortemente a realidade em termos de taxa de evas\u00e3o, abandono escolar e ao mesmo tempo consagra uma melhora na qualidade, que \u00e9 um dos objetivos mais importantes pra que a gente mude a realidade educacional do pa\u00eds\u201d, disse.<\/p>\n<p><span style=\"font-size: 18pt;\">Ades\u00e3o<\/span><\/p>\n<p>Para aderir ao programa, as secretarias de Educa\u00e7\u00e3o estaduais e do Distrito Federal devem apresentar um plano de implementa\u00e7\u00e3o com itens como n\u00famero m\u00ednimo de 60 matr\u00edculas em tempo integral por ano escolar e carga hor\u00e1ria de nove horas di\u00e1rias.<\/p>\n<p>Precisam ainda oferecer infraestrutura m\u00ednima como biblioteca ou sala de leitura, salas de aula, quadra esportiva e vesti\u00e1rios com metragem m\u00ednima definida, al\u00e9m de cozinha e refeit\u00f3rio. Os recursos liberados pelo minist\u00e9rio podem ser investidos na melhoria dessa infraestrutura.<\/p>\n<p><span style=\"font-size: 18pt;\">Programa<\/span><\/p>\n<p>O Programa de Fomento \u00e0s Escolas de Ensino M\u00e9dio em Tempo Integral foi lan\u00e7ado no \u00e2mbito das a\u00e7\u00f5es da reforma do ensino m\u00e9dio, em setembro de 2016, e tem o objetivo de financiar as redes estaduais de ensino na implanta\u00e7\u00e3o do ensino integral. A proposta segue iniciativas bem-sucedidas de implanta\u00e7\u00e3o do ensino integral em alguns estados, como Pernambuco, e atende aos objetivos do Plano Nacional de Educa\u00e7\u00e3o (PNE).<\/p>\n<p>Uma das metas do PNE \u00e9 oferecer educa\u00e7\u00e3o em tempo integral em, no m\u00ednimo, 50% das escolas p\u00fablicas, de forma a atender, pelo menos, 25% dos alunos da educa\u00e7\u00e3o b\u00e1sica.<\/p>\n","protected":false},"excerpt":{"rendered":"<p>O presidente Michel Temer e o ministro da Educa\u00e7\u00e3o, Mendon\u00e7a Filho, anunciaram hoje (17) a libera\u00e7\u00e3o de R$ 406 milh\u00f5es para o Programa de Fomento \u00e0s Escolas de Ensino M\u00e9dio em Tempo Integral. O recurso ser\u00e1 destinado \u00e0s 27 unidades da federa\u00e7\u00e3o ao longo de 2018. Do total liberado, cerca de R$ 173 milh\u00f5es ser\u00e3o [&hellip;]<\/p>\n","protected":false},"author":96,"featured_media":89753,"comment_status":"closed","ping_status":"closed","sticky":false,"template":"","format":"standard","meta":{"footnotes":""},"categories":[254],"tags":[],"class_list":["post-89754","post","type-post","status-publish","format-standard","has-post-thumbnail","hentry","category-politica"],"_links":{"self":[{"href":"https:\/\/diarioregionaldigital.com.br\/index.php?rest_route=\/wp\/v2\/posts\/89754","targetHints":{"allow":["GET"]}}],"collection":[{"href":"https:\/\/diarioregionaldigital.com.br\/index.php?rest_route=\/wp\/v2\/posts"}],"about":[{"href":"https:\/\/diarioregionaldigital.com.br\/index.php?rest_route=\/wp\/v2\/types\/post"}],"author":[{"embeddable":true,"href":"https:\/\/diarioregionaldigital.com.br\/index.php?rest_route=\/wp\/v2\/users\/96"}],"replies":[{"embeddable":true,"href":"https:\/\/diarioregionaldigital.com.br\/index.php?rest_route=%2Fwp%2Fv2%2Fcomments&post=89754"}],"version-history":[{"count":0,"href":"https:\/\/diarioregionaldigital.com.br\/index.php?rest_route=\/wp\/v2\/posts\/89754\/revisions"}],"wp:featuredmedia":[{"embeddable":true,"href":"https:\/\/diarioregionaldigital.com.br\/index.php?rest_route=\/wp\/v2\/media\/89753"}],"wp:attachment":[{"href":"https:\/\/diarioregionaldigital.com.br\/index.php?rest_route=%2Fwp%2Fv2%2Fmedia&parent=89754"}],"wp:term":[{"taxonomy":"category","embeddable":true,"href":"https:\/\/diarioregionaldigital.com.br\/index.php?rest_route=%2Fwp%2Fv2%2Fcategories&post=89754"},{"taxonomy":"post_tag","embeddable":true,"href":"https:\/\/diarioregionaldigital.com.br\/index.php?rest_route=%2Fwp%2Fv2%2Ftags&post=89754"}],"curies":[{"name":"wp","href":"https:\/\/api.w.org\/{rel}","templated":true}]}}