{"id":89750,"date":"2018-01-17T12:21:05","date_gmt":"2018-01-17T14:21:05","guid":{"rendered":"http:\/\/diarioregionaljf.com.br\/2018\/01\/17\/homem-e-agredido-e-assaltado-por-dupla-em-ponto-de-onibus-na-avenida-jk\/"},"modified":"2018-01-17T12:21:05","modified_gmt":"2018-01-17T14:21:05","slug":"homem-e-agredido-e-assaltado-por-dupla-em-ponto-de-onibus-na-avenida-jk","status":"publish","type":"post","link":"https:\/\/diarioregionaldigital.com.br\/?p=89750","title":{"rendered":"Homem \u00e9 agredido e assaltado por dupla em ponto de \u00f4nibus na Avenida JK"},"content":{"rendered":"<p>Um homem de 51 anos foi agredido e assaltado enquanto esperava um \u00f4nibus em um ponto no bairro Industrial, localizado na zona Norte. O crime ocorreu no in\u00edcio da madrugada desta quarta-feira, 17.<\/p>\n<p>Segundo a Pol\u00edcia Militar (PM), o homem encontrava-se em um ponto na Avenida Juscelino Kubitschek quando foi abordado por dois indiv\u00edduos que o amea\u00e7aram e agrediram.<\/p>\n<p>A dupla de assaltantes roubou o aparelho celular, documentos e a quantia de R$150 da v\u00edtima. Ap\u00f3s a a\u00e7\u00e3o eles fugiram.<\/p>\n<p>A PM realizou buscas na regi\u00e3o, mas os autores n\u00e3o foram localizados.<\/p>\n","protected":false},"excerpt":{"rendered":"<p>Um homem de 51 anos foi agredido e assaltado enquanto esperava um \u00f4nibus em um ponto no bairro Industrial, localizado na zona Norte. O crime ocorreu no in\u00edcio da madrugada desta quarta-feira, 17. Segundo a Pol\u00edcia Militar (PM), o homem encontrava-se em um ponto na Avenida Juscelino Kubitschek quando foi abordado por dois indiv\u00edduos que [&hellip;]<\/p>\n","protected":false},"author":96,"featured_media":89749,"comment_status":"closed","ping_status":"closed","sticky":false,"template":"","format":"standard","meta":{"footnotes":""},"categories":[301],"tags":[],"class_list":["post-89750","post","type-post","status-publish","format-standard","has-post-thumbnail","hentry","category-artigos-policiais"],"_links":{"self":[{"href":"https:\/\/diarioregionaldigital.com.br\/index.php?rest_route=\/wp\/v2\/posts\/89750","targetHints":{"allow":["GET"]}}],"collection":[{"href":"https:\/\/diarioregionaldigital.com.br\/index.php?rest_route=\/wp\/v2\/posts"}],"about":[{"href":"https:\/\/diarioregionaldigital.com.br\/index.php?rest_route=\/wp\/v2\/types\/post"}],"author":[{"embeddable":true,"href":"https:\/\/diarioregionaldigital.com.br\/index.php?rest_route=\/wp\/v2\/users\/96"}],"replies":[{"embeddable":true,"href":"https:\/\/diarioregionaldigital.com.br\/index.php?rest_route=%2Fwp%2Fv2%2Fcomments&post=89750"}],"version-history":[{"count":0,"href":"https:\/\/diarioregionaldigital.com.br\/index.php?rest_route=\/wp\/v2\/posts\/89750\/revisions"}],"wp:featuredmedia":[{"embeddable":true,"href":"https:\/\/diarioregionaldigital.com.br\/index.php?rest_route=\/wp\/v2\/media\/89749"}],"wp:attachment":[{"href":"https:\/\/diarioregionaldigital.com.br\/index.php?rest_route=%2Fwp%2Fv2%2Fmedia&parent=89750"}],"wp:term":[{"taxonomy":"category","embeddable":true,"href":"https:\/\/diarioregionaldigital.com.br\/index.php?rest_route=%2Fwp%2Fv2%2Fcategories&post=89750"},{"taxonomy":"post_tag","embeddable":true,"href":"https:\/\/diarioregionaldigital.com.br\/index.php?rest_route=%2Fwp%2Fv2%2Ftags&post=89750"}],"curies":[{"name":"wp","href":"https:\/\/api.w.org\/{rel}","templated":true}]}}