{"id":89742,"date":"2018-01-16T23:07:09","date_gmt":"2018-01-17T01:07:09","guid":{"rendered":"http:\/\/diarioregionaljf.com.br\/2018\/01\/16\/nao-se-vacinar-e-a-principal-razao-da-ocorrencia-de-casos-de-febre-amarela\/"},"modified":"2018-01-16T23:07:09","modified_gmt":"2018-01-17T01:07:09","slug":"nao-se-vacinar-e-a-principal-razao-da-ocorrencia-de-casos-de-febre-amarela","status":"publish","type":"post","link":"https:\/\/diarioregionaldigital.com.br\/?p=89742","title":{"rendered":"N\u00e3o se vacinar \u00e9 a principal raz\u00e3o da ocorr\u00eancia de casos de febre amarela"},"content":{"rendered":"<p>Diante da confirma\u00e7\u00e3o de 12 casos de febre amarela em Minas Gerais, no per\u00edodo de julho de 2017 at\u00e9 o momento, a Secretaria de Estado de Sa\u00fade de Minas Gerais (SES-MG) intensifica as a\u00e7\u00f5es de controle da doen\u00e7a nas regi\u00f5es com os casos confirmados e orienta \u00e0 toda popula\u00e7\u00e3o do estado sobre a import\u00e2ncia da vacina\u00e7\u00e3o e pede aten\u00e7\u00e3o especial do p\u00fablico masculino, que se vacine.<\/p>\n<p>Entre as a\u00e7\u00f5es definidas para controlar a febre amarela nas \u00e1reas rurais e manter a incid\u00eancia zero de febre amarela urbana, destacam-se as campanhas educativas sobre a necessidade de vacina\u00e7\u00e3o, amplia\u00e7\u00e3o dos hor\u00e1rios de vacina\u00e7\u00e3o nas unidades de sa\u00fade, a vacina\u00e7\u00e3o casa a casa na zona rural dos munic\u00edpios com casos confirmados ou com epizootias (morte de primatas) confirmadas para a febre amarela e o aumento no n\u00famero de equipes de sa\u00fade nas regi\u00f5es e tamb\u00e9m parceria entre as \u00e1reas de Aten\u00e7\u00e3o Prim\u00e1ria e Vigil\u00e2ncia em Sa\u00fade.<\/p>\n<p>Segundo a diretora de Pol\u00edticas de Aten\u00e7\u00e3o Prim\u00e1ria \u00e0 Sa\u00fade da SES-MG, Mayla Magalh\u00e3es, essa parceria tem possibilitado a identifica\u00e7\u00e3o das pessoas n\u00e3o vacinadas, checagem do cart\u00e3o e atualiza\u00e7\u00e3o da vacina.<\/p>\n<p>\u201cEspecificamente neste momento de enfrentamento da febre amarela, essas \u00e1reas disponibilizam o diagn\u00f3stico situacional que permite a localiza\u00e7\u00e3o da popula\u00e7\u00e3o que ainda n\u00e3o est\u00e1 vacinada. Os agentes comunit\u00e1rios de sa\u00fade t\u00eam papel importante na cria\u00e7\u00e3o do v\u00ednculo e nas rela\u00e7\u00f5es de confian\u00e7a com a popula\u00e7\u00e3o, pois fazem parte da comunidade e est\u00e3o diariamente na rotina do munic\u00edpio\u201d, diz.<\/p>\n<p>Ainda de acordo com a diretora, \u201cos agentes comunit\u00e1rios de sa\u00fade realizam visitas domiciliares, fazendo o acompanhamento dos cart\u00f5es de vacina e prestando orienta\u00e7\u00f5es \u00e0 popula\u00e7\u00e3o, no intuito de mobiliz\u00e1-las para as a\u00e7\u00f5es de preven\u00e7\u00e3o e controle da doen\u00e7a. As informa\u00e7\u00f5es coletadas durante as visitas domiciliares possibilitam, tamb\u00e9m, que as equipes de Aten\u00e7\u00e3o Prim\u00e1ria planejem suas a\u00e7\u00f5es e adotem as medidas efetivas no enfrentamento \u00e0 febre amarela\u201d, explica Mayla.<\/p>\n<p>Essas e todas as outras a\u00e7\u00f5es desempenhadas pelo Estado desde a primeira notifica\u00e7\u00e3o da doen\u00e7a, em janeiro de 2017, contribu\u00edram para que Minas Gerais alcan\u00e7asse a atual cobertura vacinal de 81%, \u00edndice superior ao registrado no mesmo per\u00edodo de 2016, que era de 47%.<\/p>\n<p>Esse aumento coopera diretamente para o controle da ocorr\u00eancia da doen\u00e7a, mas o subsecret\u00e1rio de Vigil\u00e2ncia e Prote\u00e7\u00e3o \u00e0 Sa\u00fade, Rodrigo Said, ressalta que mesmo com essa cobertura, ainda h\u00e1 mais de 3,6 milh\u00f5es de pessoas n\u00e3o vacinadas no estado.<\/p>\n<p>\u201cTemos um grande trabalho pela frente para alcan\u00e7armos a cobertura ideal de 95% de pessoas vacinadas. As estat\u00edsticas apontam uma cobertura menor entre indiv\u00edduos do sexo masculino, entre 15 e 59 anos. Apesar de todos os esfor\u00e7os realizados ao longo de 2017, ainda temos o desafio de aumentar essa cobertura em nosso estado, pois o vazio vacinal \u00e9 o principal respons\u00e1vel pela ocorr\u00eancia de casos. \u00c9 extremamente necess\u00e1rio intensificar a vacina\u00e7\u00e3o em todos os munic\u00edpios, principalmente nas \u00e1reas rurais\u201d, afirma.<\/p>\n<p>&nbsp;<\/p>\n<h4>IMUNIZA\u00c7\u00c3O<\/h4>\n<p>Atualmente o estado est\u00e1 abastecido com mais de um milh\u00e3o de doses da vacina, que j\u00e1 faz parte do Calend\u00e1rio Nacional de Vacina\u00e7\u00e3o. A vacina \u00e9 indicada para crian\u00e7as a partir de 9 meses e jovens e adultos com at\u00e9 59 anos de idade.<\/p>\n<p>Hoje, a cobertura vacinal acumulada de febre amarela em Minas Gerais est\u00e1 em torno de 81%, contudo a meta \u00e9 alcan\u00e7ar a cobertura de 95%. Ainda h\u00e1 uma estimativa de 3.615.129 n\u00e3o vacinados, principalmente na faixa-et\u00e1ria de 15 a 59 anos, que tamb\u00e9m foi a mais acometida pelo surto em 2017.<\/p>\n<p>As regionais com menor taxa de vacina\u00e7\u00e3o s\u00e3o Pouso Alegre, no Sul de Minas (66,6%), S\u00e3o Jo\u00e3o del-Rei, no Centro Sul (69,1%) e Ponte Nova, no Leste (71%). Al\u00e9m disso, h\u00e1 342 munic\u00edpios mineiros que n\u00e3o atingiram a meta vacinal.<\/p>\n<p>Alguns destes est\u00e3o com a cobertura abaixo dos 40%, como Bias Fortes (regional de Juiz de Fora) com 34,5%; Aiuruoca (regional de Varginha) com 35,8%; Santana do Jacar\u00e9 (regional de Divin\u00f3polis) com 36,8; Pocrane (regional de Manhumirim) com 37,3% e Formoso (regional de Una\u00ed) com 39,9%.<\/p>\n<p><img loading=\"lazy\" decoding=\"async\" class=\" size-full wp-image-89741\" src=\"http:\/\/diarioregionaljf.com.br\/wp-content\/uploads\/2018\/01\/diario-int-23175-1.png\" alt=\"coberturavacinalmg.png\" width=\"450\" height=\"450\" srcset=\"https:\/\/diarioregionaldigital.com.br\/wp-content\/uploads\/2018\/01\/diario-int-23175-1.png 450w, https:\/\/diarioregionaldigital.com.br\/wp-content\/uploads\/2018\/01\/diario-int-23175-1-150x150.png 150w, https:\/\/diarioregionaldigital.com.br\/wp-content\/uploads\/2018\/01\/diario-int-23175-1-300x300.png 300w, https:\/\/diarioregionaldigital.com.br\/wp-content\/uploads\/2018\/01\/diario-int-23175-1-180x180.png 180w, https:\/\/diarioregionaldigital.com.br\/wp-content\/uploads\/2018\/01\/diario-int-23175-1-120x120.png 120w, https:\/\/diarioregionaldigital.com.br\/wp-content\/uploads\/2018\/01\/diario-int-23175-1-360x360.png 360w, https:\/\/diarioregionaldigital.com.br\/wp-content\/uploads\/2018\/01\/diario-int-23175-1-80x80.png 80w\" sizes=\"auto, (max-width: 450px) 100vw, 450px\" \/><\/p>\n<p>Fonte: Ag\u00eancia Minas<\/p>\n","protected":false},"excerpt":{"rendered":"<p>Diante da confirma\u00e7\u00e3o de 12 casos de febre amarela em Minas Gerais, no per\u00edodo de julho de 2017 at\u00e9 o momento, a Secretaria de Estado de Sa\u00fade de Minas Gerais (SES-MG) intensifica as a\u00e7\u00f5es de controle da doen\u00e7a nas regi\u00f5es com os casos confirmados e orienta \u00e0 toda popula\u00e7\u00e3o do estado sobre a import\u00e2ncia da [&hellip;]<\/p>\n","protected":false},"author":96,"featured_media":89740,"comment_status":"closed","ping_status":"closed","sticky":false,"template":"","format":"standard","meta":{"footnotes":""},"categories":[252],"tags":[],"class_list":["post-89742","post","type-post","status-publish","format-standard","has-post-thumbnail","hentry","category-regiao"],"_links":{"self":[{"href":"https:\/\/diarioregionaldigital.com.br\/index.php?rest_route=\/wp\/v2\/posts\/89742","targetHints":{"allow":["GET"]}}],"collection":[{"href":"https:\/\/diarioregionaldigital.com.br\/index.php?rest_route=\/wp\/v2\/posts"}],"about":[{"href":"https:\/\/diarioregionaldigital.com.br\/index.php?rest_route=\/wp\/v2\/types\/post"}],"author":[{"embeddable":true,"href":"https:\/\/diarioregionaldigital.com.br\/index.php?rest_route=\/wp\/v2\/users\/96"}],"replies":[{"embeddable":true,"href":"https:\/\/diarioregionaldigital.com.br\/index.php?rest_route=%2Fwp%2Fv2%2Fcomments&post=89742"}],"version-history":[{"count":0,"href":"https:\/\/diarioregionaldigital.com.br\/index.php?rest_route=\/wp\/v2\/posts\/89742\/revisions"}],"wp:featuredmedia":[{"embeddable":true,"href":"https:\/\/diarioregionaldigital.com.br\/index.php?rest_route=\/wp\/v2\/media\/89740"}],"wp:attachment":[{"href":"https:\/\/diarioregionaldigital.com.br\/index.php?rest_route=%2Fwp%2Fv2%2Fmedia&parent=89742"}],"wp:term":[{"taxonomy":"category","embeddable":true,"href":"https:\/\/diarioregionaldigital.com.br\/index.php?rest_route=%2Fwp%2Fv2%2Fcategories&post=89742"},{"taxonomy":"post_tag","embeddable":true,"href":"https:\/\/diarioregionaldigital.com.br\/index.php?rest_route=%2Fwp%2Fv2%2Ftags&post=89742"}],"curies":[{"name":"wp","href":"https:\/\/api.w.org\/{rel}","templated":true}]}}