{"id":89739,"date":"2018-01-16T22:51:07","date_gmt":"2018-01-17T00:51:07","guid":{"rendered":"http:\/\/diarioregionaljf.com.br\/2018\/01\/16\/mhall-recebe-feira-brasileira-de-gestante-bebe\/"},"modified":"2018-01-16T22:51:07","modified_gmt":"2018-01-17T00:51:07","slug":"mhall-recebe-feira-brasileira-de-gestante-bebe","status":"publish","type":"post","link":"https:\/\/diarioregionaldigital.com.br\/?p=89739","title":{"rendered":"MHall recebe \u201cFeira Brasileira de Gestante &#038; Beb\u00ea\u201d"},"content":{"rendered":"<p>Cerca de 50 stands com roupas, acess\u00f3rios, brinquedos, m\u00f3veis, decora\u00e7\u00e3o e tudo o que envolve o universo de gestantes e beb\u00eas. Essa \u00e9 a equipe preparada para atender as pessoas que ir\u00e3o prestigiar a primeira edi\u00e7\u00e3o da \u201cFeira Brasileira de Gestante &amp; Beb\u00ea\u201d, em Juiz de Fora. O evento, que se inicia nesta quarta-feira, 17 e vai at\u00e9 domingo, 21, ser\u00e1 realizado no MHall, na Avenida Brasil, n\u00ba 6955, de 14h \u00e0s 22h. Especialmente no domingo, a feira funcionar\u00e1 das 10h \u00e0s 20h. S\u00e3o dezenas de expositores de todo o pa\u00eds, que trar\u00e3o as principais novidades do setor. A entrada \u00e9 gratuita.<\/p>\n<p>Al\u00e9m da \u00e1rea de compras, o evento tamb\u00e9m conta com uma ampla pra\u00e7a de alimenta\u00e7\u00e3o, com diversos food trucks e v\u00e1rias op\u00e7\u00f5es de lanche, al\u00e9m do espa\u00e7o de conviv\u00eancia que oferece chopp gelado. Para oferecer ainda mais conforto \u00e0s m\u00e3es com filhos pequenos, foram montadas salas de amamenta\u00e7\u00e3o e frald\u00e1rio.<\/p>\n<p>De acordo com o organizador, Marcelo Bonfante, \u00e9 a oportunidade de as m\u00e3es encontrarem diversos produtos para seus filhos, al\u00e9m da chance de produtores locais ofertarem seus produtos. A ideia, segundo ele, \u00e9 que o evento fa\u00e7a parte do calend\u00e1rio anual da cidade, futuramente.<\/p>\n<p><strong>FEIRA BRASILEIRA DE GESTANTE E BEB\u00ca<\/strong><\/p>\n<p>Data: 17 a 22 de janeiro (quarta a domingo)<br \/>Hor\u00e1rio: Quarta \u00e0 s\u00e1bado: 14h \u00e0s 22h &#8211; Domingo: 10h \u00e0s 20h<br \/>Local: MHall | Avenida Brasil, n\u00ba6955<br \/>Entrada franca<br \/>Produ\u00e7\u00e3o: Marcelo Bonfante (32) 99120-6129<\/p>\n","protected":false},"excerpt":{"rendered":"<p>Cerca de 50 stands com roupas, acess\u00f3rios, brinquedos, m\u00f3veis, decora\u00e7\u00e3o e tudo o que envolve o universo de gestantes e beb\u00eas. Essa \u00e9 a equipe preparada para atender as pessoas que ir\u00e3o prestigiar a primeira edi\u00e7\u00e3o da \u201cFeira Brasileira de Gestante &amp; Beb\u00ea\u201d, em Juiz de Fora. O evento, que se inicia nesta quarta-feira, 17 [&hellip;]<\/p>\n","protected":false},"author":96,"featured_media":89738,"comment_status":"closed","ping_status":"closed","sticky":false,"template":"","format":"standard","meta":{"footnotes":""},"categories":[253],"tags":[],"class_list":["post-89739","post","type-post","status-publish","format-standard","has-post-thumbnail","hentry","category-cidade"],"_links":{"self":[{"href":"https:\/\/diarioregionaldigital.com.br\/index.php?rest_route=\/wp\/v2\/posts\/89739","targetHints":{"allow":["GET"]}}],"collection":[{"href":"https:\/\/diarioregionaldigital.com.br\/index.php?rest_route=\/wp\/v2\/posts"}],"about":[{"href":"https:\/\/diarioregionaldigital.com.br\/index.php?rest_route=\/wp\/v2\/types\/post"}],"author":[{"embeddable":true,"href":"https:\/\/diarioregionaldigital.com.br\/index.php?rest_route=\/wp\/v2\/users\/96"}],"replies":[{"embeddable":true,"href":"https:\/\/diarioregionaldigital.com.br\/index.php?rest_route=%2Fwp%2Fv2%2Fcomments&post=89739"}],"version-history":[{"count":0,"href":"https:\/\/diarioregionaldigital.com.br\/index.php?rest_route=\/wp\/v2\/posts\/89739\/revisions"}],"wp:featuredmedia":[{"embeddable":true,"href":"https:\/\/diarioregionaldigital.com.br\/index.php?rest_route=\/wp\/v2\/media\/89738"}],"wp:attachment":[{"href":"https:\/\/diarioregionaldigital.com.br\/index.php?rest_route=%2Fwp%2Fv2%2Fmedia&parent=89739"}],"wp:term":[{"taxonomy":"category","embeddable":true,"href":"https:\/\/diarioregionaldigital.com.br\/index.php?rest_route=%2Fwp%2Fv2%2Fcategories&post=89739"},{"taxonomy":"post_tag","embeddable":true,"href":"https:\/\/diarioregionaldigital.com.br\/index.php?rest_route=%2Fwp%2Fv2%2Ftags&post=89739"}],"curies":[{"name":"wp","href":"https:\/\/api.w.org\/{rel}","templated":true}]}}