{"id":89737,"date":"2018-01-16T22:30:26","date_gmt":"2018-01-17T00:30:26","guid":{"rendered":"http:\/\/diarioregionaljf.com.br\/2018\/01\/16\/criminalidade-no-parque-halfeld-causa-medo-na-populacao\/"},"modified":"2018-01-16T22:30:26","modified_gmt":"2018-01-17T00:30:26","slug":"criminalidade-no-parque-halfeld-causa-medo-na-populacao","status":"publish","type":"post","link":"https:\/\/diarioregionaldigital.com.br\/?p=89737","title":{"rendered":"Criminalidade no Parque Halfeld causa medo na popula\u00e7\u00e3o"},"content":{"rendered":"<p>Alguns juiz-foranos est\u00e3o com medo de visitar o Parque Halfeld. Conforme os relatos, o local, frequentado por grande quantidade de pessoas, se tornou violento, onde al\u00e9m do tr\u00e1fico de drogas, casos de assaltos e prostitui\u00e7\u00e3o t\u00eam sido cada vez mais recorrentes, praticados em plena luz do dia. Segundo um comerciante, que n\u00e3o quis se identificar, sequer \u00e9 poss\u00edvel ir ao banheiro do espa\u00e7o.<\/p>\n<p>\u201cS\u00e3o usu\u00e1rios, traficantes, eles tomam conta de tudo. A gente n\u00e3o consegue ir ao banheiro, sentar para conversar, jogar, nem mesmo levar as crian\u00e7as no parquinho, pois fica um cheiro de maconha terr\u00edvel naquela regi\u00e3o. O pior \u00e9 que eles acham que s\u00e3o donos do espa\u00e7o e obrigam as pessoas que est\u00e3o ali a sair\u201d, diz.<\/p>\n<p>Ele conta que o movimento se intensifica a partir do meio dia, momento em que adolescentes que estudam nas proximidades est\u00e3o saindo das escolas. O comerciante acrescenta que os jovens, frequentemente, s\u00e3o vistos usando drogas no espa\u00e7o. Locais como a C\u00e2mara Municipal, o F\u00f3rum Benjamin Colucci e a Igreja S\u00e3o Sebasti\u00e3o, que receberam refor\u00e7o na seguran\u00e7a por conta do aumento na viol\u00eancia ocorrida no parque, seguem sendo desrespeitados pelos infratores. \u201cEles n\u00e3o est\u00e3o nem a\u00ed. J\u00e1 presenciei situa\u00e7\u00e3o em que a Guarda Municipal tentou repreende-los, mas eles n\u00e3o respeitaram, pois pensaram que ela n\u00e3o \u00e9 uma autoridade\u201d, afirma o comerciante, reivindicando por mais seguran\u00e7a.<\/p>\n<p>\u201c\u00c9 o cart\u00e3o-postal da cidade, mas parece que est\u00e1 abandonado pelas autoridades. Recentemente, at\u00e9 teve uma a\u00e7\u00e3o da Pol\u00edcia Militar (PM), mas n\u00e3o \u00e9 garantia de nada, pois os criminosos, pouco tempo depois, est\u00e3o nas ruas novamente. \u00c9 necess\u00e1ria uma a\u00e7\u00e3o rotineira, que envolva todas as autoridades. No local est\u00e1 instalado c\u00e2mera do sistema \u201cOlho Vivo\u201d, mas ser\u00e1 que est\u00e1 funcionando?\u201d, questionou.<\/p>\n<p>&nbsp;<\/p>\n<h4>DROGAS COMO PRINCIPAL PROBLEMA<\/h4>\n<p>A PM enxerga o tr\u00e1fico de drogas como o principal problema do parque, mas refor\u00e7a que tem feito um trabalho preventivo para inibir o crime. Tanto que, de acordo com levantamento da pol\u00edcia, em 2017, quase 50 pessoas foram presas no local por conta da atividade. Foram 20 pris\u00f5es em decorr\u00eancia do tr\u00e1fico e outras 24 devido ao uso de entorpecentes nas imedia\u00e7\u00f5es parque. Na sexta-feira, 12, durante opera\u00e7\u00e3o de combate a este tipo de crime, a pol\u00edcia prendeu seis pessoas no espa\u00e7o e, com elas, foram encontradas pedras de crack e buchas de maconha.<\/p>\n<p>O capit\u00e3o Alexandre Barbosa, comandante da 30\u00aa Companhia da Pol\u00edcia Militar, respons\u00e1vel pelo policiamento na \u00e1rea central do munic\u00edpio, revelou que algumas c\u00e2meras do \u201cOlho Vivo\u201d ficaram inoperantes por quest\u00f5es t\u00e9cnicas e isso prejudicou os trabalhos. \u201cRecebemos muita demanda oriunda do sistema, que nos ajuda a identificar os suspeitos. Logicamente, o per\u00edodo de inatividade das c\u00e2meras dificultou as nossas a\u00e7\u00f5es, mas isso foi resolvido e elas j\u00e1 est\u00e3o funcionando\u201d, afirma.<\/p>\n<p>O militar tamb\u00e9m explica que a equipe policial patrulha, de forma constante, toda a extens\u00e3o da Rua Halfeld e do Parque Halfeld, por meio da Base Comunit\u00e1ria M\u00f3vel, em que um ve\u00edculo com v\u00e1rios militares fica estacionado nos locais. A movimenta\u00e7\u00e3o tamb\u00e9m \u00e9 feita por bicicletas e motocicletas, meios de transporte que permitem chegar de maneira mais acess\u00edvel aos infratores.<\/p>\n<p>A assessoria da Secretaria de Seguran\u00e7a Urbana e Cidadania (Sesuc) da Prefeitura de Juiz de Fora (PJF) informa que, al\u00e9m de passagens peri\u00f3dicas, a equipe da Guarda Municipal atua junto aos Fiscais de Posturas e t\u00eam o Parque Halfeld como ponto de encontro habitual. Neste per\u00edodo de recebimento do Imposto Sobre a Propriedade Predial e Territorial Urbana (IPTU), h\u00e1 lan\u00e7amento de equipe dentro do Espa\u00e7o Cidad\u00e3o. Em caso de necessidade, a popula\u00e7\u00e3o pode acionar esses profissionais ou fazer sua solicita\u00e7\u00e3o ou den\u00fancia pelo telefone 153.<\/p>\n<p>&nbsp;<\/p>\n<h4>LEGISLA\u00c7\u00c3O \u00c9 MUITO PERMISSIVA<\/h4>\n<p>O titular da delegacia Especializada Antidrogas da Pol\u00edcia Civil, Rogerio Woyame comentou que a ousadia das pessoas que consomem drogas no local est\u00e1 relacionada \u00e0 fragilidade da lei. \u201cPercebemos que muita gente usa drogas no local, principalmente a maconha. Apesar de o consumo em lugar p\u00fablico ser crime, essas pessoas n\u00e3o se intimidam, pois sabem que n\u00e3o existe pena de pris\u00e3o para quem faz uso, apenas san\u00e7\u00f5es administrativas, educativas ou penais, que n\u00e3o ir\u00e3o restringir sua liberdade\u201d, refor\u00e7a.<\/p>\n<p>Woyame tamb\u00e9m criticou a forma como \u00e9 conduzida a Audi\u00eancia de Cust\u00f3dia. No entendimento dele, no cen\u00e1rio de crescente viol\u00eancia e pouco efetivo, a soltura de infratores poucas horas ap\u00f3s a pris\u00e3o gera ainda mais esfor\u00e7os para a corpora\u00e7\u00e3o. Ele cita um caso recente, de criminosos que foram presos no Parque Halfeld vendendo drogas para adolescentes. Eles foram indiciados pelo delegado por crimes de tr\u00e1fico de entorpecentes e corrup\u00e7\u00e3o de menores, por estarem na companhia de um adolescente, que tamb\u00e9m estava vendendo. A dupla ainda teria aumento de pena por venderam drogas para os jovens. Entretanto, pouco mais de 24 horas depois da pris\u00e3o, eles j\u00e1 estavam em liberdade para responder ao processo, j\u00e1 que o juiz n\u00e3o encontrou antecedentes criminais em suas fichas.<\/p>\n<p>As autoridades policiais ainda ressaltaram a import\u00e2ncia da den\u00fancia an\u00f4nima atrav\u00e9s do telefone 181, que tem ajudado a pol\u00edcia na identifica\u00e7\u00e3o de diversos criminosos.<\/p>\n","protected":false},"excerpt":{"rendered":"<p>Alguns juiz-foranos est\u00e3o com medo de visitar o Parque Halfeld. Conforme os relatos, o local, frequentado por grande quantidade de pessoas, se tornou violento, onde al\u00e9m do tr\u00e1fico de drogas, casos de assaltos e prostitui\u00e7\u00e3o t\u00eam sido cada vez mais recorrentes, praticados em plena luz do dia. Segundo um comerciante, que n\u00e3o quis se identificar, [&hellip;]<\/p>\n","protected":false},"author":96,"featured_media":89736,"comment_status":"closed","ping_status":"closed","sticky":false,"template":"","format":"standard","meta":{"footnotes":""},"categories":[253],"tags":[],"class_list":["post-89737","post","type-post","status-publish","format-standard","has-post-thumbnail","hentry","category-cidade"],"_links":{"self":[{"href":"https:\/\/diarioregionaldigital.com.br\/index.php?rest_route=\/wp\/v2\/posts\/89737","targetHints":{"allow":["GET"]}}],"collection":[{"href":"https:\/\/diarioregionaldigital.com.br\/index.php?rest_route=\/wp\/v2\/posts"}],"about":[{"href":"https:\/\/diarioregionaldigital.com.br\/index.php?rest_route=\/wp\/v2\/types\/post"}],"author":[{"embeddable":true,"href":"https:\/\/diarioregionaldigital.com.br\/index.php?rest_route=\/wp\/v2\/users\/96"}],"replies":[{"embeddable":true,"href":"https:\/\/diarioregionaldigital.com.br\/index.php?rest_route=%2Fwp%2Fv2%2Fcomments&post=89737"}],"version-history":[{"count":0,"href":"https:\/\/diarioregionaldigital.com.br\/index.php?rest_route=\/wp\/v2\/posts\/89737\/revisions"}],"wp:featuredmedia":[{"embeddable":true,"href":"https:\/\/diarioregionaldigital.com.br\/index.php?rest_route=\/wp\/v2\/media\/89736"}],"wp:attachment":[{"href":"https:\/\/diarioregionaldigital.com.br\/index.php?rest_route=%2Fwp%2Fv2%2Fmedia&parent=89737"}],"wp:term":[{"taxonomy":"category","embeddable":true,"href":"https:\/\/diarioregionaldigital.com.br\/index.php?rest_route=%2Fwp%2Fv2%2Fcategories&post=89737"},{"taxonomy":"post_tag","embeddable":true,"href":"https:\/\/diarioregionaldigital.com.br\/index.php?rest_route=%2Fwp%2Fv2%2Ftags&post=89737"}],"curies":[{"name":"wp","href":"https:\/\/api.w.org\/{rel}","templated":true}]}}