{"id":89735,"date":"2018-01-16T22:26:47","date_gmt":"2018-01-17T00:26:47","guid":{"rendered":"http:\/\/diarioregionaljf.com.br\/2018\/01\/16\/projeto-da-obra-de-acesso-a-futura-instalacao-da-m-dias-branco-ainda-e-analisado-pelo-estado\/"},"modified":"2018-01-16T22:26:47","modified_gmt":"2018-01-17T00:26:47","slug":"projeto-da-obra-de-acesso-a-futura-instalacao-da-m-dias-branco-ainda-e-analisado-pelo-estado","status":"publish","type":"post","link":"https:\/\/diarioregionaldigital.com.br\/?p=89735","title":{"rendered":"Projeto da obra de acesso a futura instala\u00e7\u00e3o da M. Dias Branco ainda \u00e9 analisado pelo Estado"},"content":{"rendered":"<p>A constru\u00e7\u00e3o do parque fabril da M. Dias Branco em Juiz de Fora ainda tem uma pend\u00eancia. Para dar in\u00edcio \u00e0 obra, a empresa precisa que o acesso entre a via p\u00fablica e o terreno localizado na BR-040 seja concretizado. Durante a coletiva de imprensa, na qual a Prefeitura de Juiz de Fora (PJF) lan\u00e7ou nova ferramenta de atra\u00e7\u00e3o de neg\u00f3cios, o chefe do Executivo municipal, Bruno Siqueira, afirmou que os projetos para execu\u00e7\u00e3o da obra de acesso j\u00e1 foram encaminhados ao Departamento de Edifica\u00e7\u00f5es e Estradas de Rodagem (DEER\/MG), onde s\u00e3o analisados.<\/p>\n<p>\u201cEstamos trabalhando com a op\u00e7\u00e3o que foi acordada com o governo do Estado, que a obra seja realizada pelo DEER. Caso n\u00e3o seja por essa via, n\u00f3s temos o mecanismo por meio da lei de incentivo em que a pr\u00f3pria empresa, se for de interesse dela, fa\u00e7a este investimento e posteriormente tenha o retorno deste investimento atrav\u00e9s do ICMS [Imposto sobre circula\u00e7\u00e3o de mercadorias e servi\u00e7os] futuro\u201d, disse Bruno.<\/p>\n<p>Questionado sobre se a cidade pode ser prejudicada caso a empresa desista do neg\u00f3cio devido a demora, o prefeito afirmou que os executivos permanecem otimistas. \u201cNas \u00faltimas conversas que tivemos, eles est\u00e3o otimistas por fazer esse empreendimento em nossa cidade devido a todas as caracter\u00edsticas que podem ser encontradas em nosso novo site\u201d, ponderou o chefe do Executivo municipal. \u201cEssas particularidades fizeram com que uma das maiores empresas do pa\u00eds e a maior empresa de massas e biscoitos da Am\u00e9rica Latina escolhesse Juiz de Fora para realizar o seu investimento, que hoje sem d\u00favida \u00e9 um dos maiores do Estado. Investimento avaliado em aproximadamente R$500 milh\u00f5es\u201d, finalizou.<\/p>\n","protected":false},"excerpt":{"rendered":"<p>A constru\u00e7\u00e3o do parque fabril da M. Dias Branco em Juiz de Fora ainda tem uma pend\u00eancia. Para dar in\u00edcio \u00e0 obra, a empresa precisa que o acesso entre a via p\u00fablica e o terreno localizado na BR-040 seja concretizado. Durante a coletiva de imprensa, na qual a Prefeitura de Juiz de Fora (PJF) lan\u00e7ou [&hellip;]<\/p>\n","protected":false},"author":96,"featured_media":89734,"comment_status":"closed","ping_status":"closed","sticky":false,"template":"","format":"standard","meta":{"footnotes":""},"categories":[253],"tags":[],"class_list":["post-89735","post","type-post","status-publish","format-standard","has-post-thumbnail","hentry","category-cidade"],"_links":{"self":[{"href":"https:\/\/diarioregionaldigital.com.br\/index.php?rest_route=\/wp\/v2\/posts\/89735","targetHints":{"allow":["GET"]}}],"collection":[{"href":"https:\/\/diarioregionaldigital.com.br\/index.php?rest_route=\/wp\/v2\/posts"}],"about":[{"href":"https:\/\/diarioregionaldigital.com.br\/index.php?rest_route=\/wp\/v2\/types\/post"}],"author":[{"embeddable":true,"href":"https:\/\/diarioregionaldigital.com.br\/index.php?rest_route=\/wp\/v2\/users\/96"}],"replies":[{"embeddable":true,"href":"https:\/\/diarioregionaldigital.com.br\/index.php?rest_route=%2Fwp%2Fv2%2Fcomments&post=89735"}],"version-history":[{"count":0,"href":"https:\/\/diarioregionaldigital.com.br\/index.php?rest_route=\/wp\/v2\/posts\/89735\/revisions"}],"wp:featuredmedia":[{"embeddable":true,"href":"https:\/\/diarioregionaldigital.com.br\/index.php?rest_route=\/wp\/v2\/media\/89734"}],"wp:attachment":[{"href":"https:\/\/diarioregionaldigital.com.br\/index.php?rest_route=%2Fwp%2Fv2%2Fmedia&parent=89735"}],"wp:term":[{"taxonomy":"category","embeddable":true,"href":"https:\/\/diarioregionaldigital.com.br\/index.php?rest_route=%2Fwp%2Fv2%2Fcategories&post=89735"},{"taxonomy":"post_tag","embeddable":true,"href":"https:\/\/diarioregionaldigital.com.br\/index.php?rest_route=%2Fwp%2Fv2%2Ftags&post=89735"}],"curies":[{"name":"wp","href":"https:\/\/api.w.org\/{rel}","templated":true}]}}