{"id":89731,"date":"2018-01-16T21:47:55","date_gmt":"2018-01-16T23:47:55","guid":{"rendered":"http:\/\/diarioregionaljf.com.br\/2018\/01\/16\/calendario-2018-da-funalfa-destaca-diversidade-arquitetonica-de-jf\/"},"modified":"2018-01-16T21:47:55","modified_gmt":"2018-01-16T23:47:55","slug":"calendario-2018-da-funalfa-destaca-diversidade-arquitetonica-de-jf","status":"publish","type":"post","link":"https:\/\/diarioregionaldigital.com.br\/?p=89731","title":{"rendered":"\u201cCalend\u00e1rio 2018\u201d da Funalfa destaca diversidade arquitet\u00f4nica de JF"},"content":{"rendered":"<p>O\u201cCalend\u00e1rio 2018\u201d da Funda\u00e7\u00e3o Cultural Alfredo Ferreira Lage (Funalfa) re\u00fane fotos que registram a diversidade e a riqueza arquitet\u00f4nica de Juiz de Fora. Quinze imagens em preto e branco clicadas pelo fot\u00f3grafo e estudante de arquitetura Bruno Meneghitti comp\u00f5em a pe\u00e7a, que poder\u00e1 ser adquirida mediante a contribui\u00e7\u00e3o de R$10, a partir de quinta-feira, 18. Os postos de venda s\u00e3o a sede da Funalfa (Avenida Rio Branco, n\u00ba 2.234, Parque Halfeld &#8211; Centro) e o Centro de Artes e Esportes Unificados \u201cCoronel Adelmir Romualdo de Oliveira\u201d (Pra\u00e7a CEU &#8211; Avenida Juscelino Kubitschek, n\u00ba5.899 &#8211; Benfica). O atendimento acontece das 9h \u00e0s 17h.<\/p>\n<p>Conforme informa\u00e7\u00f5es da Funalfa, foi cogitado o cancelamento do calend\u00e1rio neste ano, em fun\u00e7\u00e3o do contingenciamento de verbas decorrente da crise financeira enfrentada pelo pa\u00eds. \u201cDecidimos manter o projeto, levando em considera\u00e7\u00e3o o fato de ele existir desde 2010 e ser muito esperado pelas pessoas. Mais que a fun\u00e7\u00e3o de contagem do tempo, o calend\u00e1rio refor\u00e7a os valores culturais e afetivos de nossa cidade. Entendemos que a pe\u00e7a \u00e9 um ativo cultural importante e pode gerar recursos para a\u00e7\u00f5es necess\u00e1rias&#8221;, afirma o superintendente da Funda\u00e7\u00e3o, R\u00f4mulo Veiga.<\/p>\n<p>O valor arrecadado vai cobrir os custos de produ\u00e7\u00e3o e viabilizar a complementa\u00e7\u00e3o do projeto de acessibilidade do Teatro Paschoal Carlos Magno.<\/p>\n<p>&nbsp;<\/p>\n<h4>\u201cMEM\u00d3RIA COLETIVA\u201d<\/h4>\n<p>As imagens que comp\u00f5em o calend\u00e1rio registram recortes arquitet\u00f4nicos que ressaltam a beleza da paisagem urbana de Juiz de Fora, que muitas vezes passa despercebida pelos moradores da cidade. \u201cNo corre-corre di\u00e1rio, a gente nem repara os pr\u00e9dios. Com as fotos, tento chamar a aten\u00e7\u00e3o para im\u00f3veis que s\u00e3o refer\u00eancia em Juiz de Fora. Ao inv\u00e9s de tomadas abertas, buscando um contexto mais amplo, trabalhei com detalhes. Dessa forma, proponho uma rea\u00e7\u00e3o l\u00fadica. A ideia \u00e9 que as pessoas vejam as imagens e tentem localizar na cidade a cena retratada\u201d, conta Bruno Meneghitti.<\/p>\n<p>As imagens que integram o calend\u00e1rio fazem parte da s\u00e9rie \u201cMem\u00f3ria coletiva\u201d, selecionada no edital do projeto \u201cJF Foto 17\u201d, desenvolvido pela PJF\/Funalfa. A coordena\u00e7\u00e3o geral da pe\u00e7a \u00e9 da produtora cultural Fernanda Lauro, e o projeto gr\u00e1fico \u00e9 do designer Daniel Rodrigues. O diretor-superintendente do Museu Mariano Proc\u00f3pio, Ant\u00f4nio Carlos Duarte, assina o texto de apresenta\u00e7\u00e3o do calend\u00e1rio.<\/p>\n<p>&nbsp;<\/p>\n<p>Da reda\u00e7\u00e3o\/Assessoria<\/p>\n","protected":false},"excerpt":{"rendered":"<p>O\u201cCalend\u00e1rio 2018\u201d da Funda\u00e7\u00e3o Cultural Alfredo Ferreira Lage (Funalfa) re\u00fane fotos que registram a diversidade e a riqueza arquitet\u00f4nica de Juiz de Fora. Quinze imagens em preto e branco clicadas pelo fot\u00f3grafo e estudante de arquitetura Bruno Meneghitti comp\u00f5em a pe\u00e7a, que poder\u00e1 ser adquirida mediante a contribui\u00e7\u00e3o de R$10, a partir de quinta-feira, 18. [&hellip;]<\/p>\n","protected":false},"author":96,"featured_media":89730,"comment_status":"closed","ping_status":"closed","sticky":false,"template":"","format":"standard","meta":{"footnotes":""},"categories":[256],"tags":[],"class_list":["post-89731","post","type-post","status-publish","format-standard","has-post-thumbnail","hentry","category-cultura"],"_links":{"self":[{"href":"https:\/\/diarioregionaldigital.com.br\/index.php?rest_route=\/wp\/v2\/posts\/89731","targetHints":{"allow":["GET"]}}],"collection":[{"href":"https:\/\/diarioregionaldigital.com.br\/index.php?rest_route=\/wp\/v2\/posts"}],"about":[{"href":"https:\/\/diarioregionaldigital.com.br\/index.php?rest_route=\/wp\/v2\/types\/post"}],"author":[{"embeddable":true,"href":"https:\/\/diarioregionaldigital.com.br\/index.php?rest_route=\/wp\/v2\/users\/96"}],"replies":[{"embeddable":true,"href":"https:\/\/diarioregionaldigital.com.br\/index.php?rest_route=%2Fwp%2Fv2%2Fcomments&post=89731"}],"version-history":[{"count":0,"href":"https:\/\/diarioregionaldigital.com.br\/index.php?rest_route=\/wp\/v2\/posts\/89731\/revisions"}],"wp:featuredmedia":[{"embeddable":true,"href":"https:\/\/diarioregionaldigital.com.br\/index.php?rest_route=\/wp\/v2\/media\/89730"}],"wp:attachment":[{"href":"https:\/\/diarioregionaldigital.com.br\/index.php?rest_route=%2Fwp%2Fv2%2Fmedia&parent=89731"}],"wp:term":[{"taxonomy":"category","embeddable":true,"href":"https:\/\/diarioregionaldigital.com.br\/index.php?rest_route=%2Fwp%2Fv2%2Fcategories&post=89731"},{"taxonomy":"post_tag","embeddable":true,"href":"https:\/\/diarioregionaldigital.com.br\/index.php?rest_route=%2Fwp%2Fv2%2Ftags&post=89731"}],"curies":[{"name":"wp","href":"https:\/\/api.w.org\/{rel}","templated":true}]}}