{"id":89729,"date":"2018-01-16T21:41:08","date_gmt":"2018-01-16T23:41:08","guid":{"rendered":"http:\/\/diarioregionaljf.com.br\/2018\/01\/16\/guerrero-tem-contrato-suspenso-pelo-flamengo\/"},"modified":"2018-01-16T21:41:08","modified_gmt":"2018-01-16T23:41:08","slug":"guerrero-tem-contrato-suspenso-pelo-flamengo","status":"publish","type":"post","link":"https:\/\/diarioregionaldigital.com.br\/?p=89729","title":{"rendered":"Guerrero tem contrato suspenso pelo Flamengo"},"content":{"rendered":"<p>O peruano teve seu contrato suspenso pelo Flamengo. Segundo vice-presidente do clube, Flavio Willeman, os rubro-negros apenas seguiram uma cl\u00e1usula de seu v\u00ednculo com os cariocas.<\/p>\n<p>\u201cO Flamengo nada mais fez do que cumprir o contrato. O contrato est\u00e1 suspenso. Est\u00e1 previsto na legisla\u00e7\u00e3o e est\u00e1 previsto no contrato. Enquanto o contrato est\u00e1 suspenso, ele n\u00e3o recebe do clube e a decis\u00e3o foi muito bem recebida por ele, porque \u00e9 justo, est\u00e1 no contrato e na legisla\u00e7\u00e3o.\u201d, disse o vice \u00e0 entrevista.<\/p>\n<p>Guerrero est\u00e1 suspenso at\u00e9 junho por ter sido flagrado no exame antidoping realizado antes da partida entre Argentina e Peru, pelas Eliminat\u00f3rias para a Copa do Mundo. O contrato do atacante com o Flamengo vai at\u00e9 agosto e o jogador voltar\u00e1 ao clube carioca ap\u00f3s o fim da puni\u00e7\u00e3o.<\/p>\n<p>O atacante ainda busca a sua absolvi\u00e7\u00e3o para poder voltar aos gramados. Guerrero tinha sido suspenso at\u00e9 agosto, mas teve sua pena reduzida ap\u00f3s julgamento no CAS. Com isso, o jogador poder\u00e1 disputa a Copa do Mundo da R\u00fassia pela Sele\u00e7\u00e3o Peruana.<\/p>\n<p>Clube segue acompanhando situa\u00e7\u00e3o do atacante, mas sal\u00e1rios n\u00e3o est\u00e3o sendo pagos.<\/p>\n","protected":false},"excerpt":{"rendered":"<p>O peruano teve seu contrato suspenso pelo Flamengo. Segundo vice-presidente do clube, Flavio Willeman, os rubro-negros apenas seguiram uma cl\u00e1usula de seu v\u00ednculo com os cariocas. \u201cO Flamengo nada mais fez do que cumprir o contrato. O contrato est\u00e1 suspenso. Est\u00e1 previsto na legisla\u00e7\u00e3o e est\u00e1 previsto no contrato. Enquanto o contrato est\u00e1 suspenso, ele [&hellip;]<\/p>\n","protected":false},"author":96,"featured_media":89728,"comment_status":"closed","ping_status":"closed","sticky":false,"template":"","format":"standard","meta":{"footnotes":""},"categories":[257],"tags":[],"class_list":["post-89729","post","type-post","status-publish","format-standard","has-post-thumbnail","hentry","category-esporte"],"_links":{"self":[{"href":"https:\/\/diarioregionaldigital.com.br\/index.php?rest_route=\/wp\/v2\/posts\/89729","targetHints":{"allow":["GET"]}}],"collection":[{"href":"https:\/\/diarioregionaldigital.com.br\/index.php?rest_route=\/wp\/v2\/posts"}],"about":[{"href":"https:\/\/diarioregionaldigital.com.br\/index.php?rest_route=\/wp\/v2\/types\/post"}],"author":[{"embeddable":true,"href":"https:\/\/diarioregionaldigital.com.br\/index.php?rest_route=\/wp\/v2\/users\/96"}],"replies":[{"embeddable":true,"href":"https:\/\/diarioregionaldigital.com.br\/index.php?rest_route=%2Fwp%2Fv2%2Fcomments&post=89729"}],"version-history":[{"count":0,"href":"https:\/\/diarioregionaldigital.com.br\/index.php?rest_route=\/wp\/v2\/posts\/89729\/revisions"}],"wp:featuredmedia":[{"embeddable":true,"href":"https:\/\/diarioregionaldigital.com.br\/index.php?rest_route=\/wp\/v2\/media\/89728"}],"wp:attachment":[{"href":"https:\/\/diarioregionaldigital.com.br\/index.php?rest_route=%2Fwp%2Fv2%2Fmedia&parent=89729"}],"wp:term":[{"taxonomy":"category","embeddable":true,"href":"https:\/\/diarioregionaldigital.com.br\/index.php?rest_route=%2Fwp%2Fv2%2Fcategories&post=89729"},{"taxonomy":"post_tag","embeddable":true,"href":"https:\/\/diarioregionaldigital.com.br\/index.php?rest_route=%2Fwp%2Fv2%2Ftags&post=89729"}],"curies":[{"name":"wp","href":"https:\/\/api.w.org\/{rel}","templated":true}]}}