{"id":89727,"date":"2018-01-16T21:39:02","date_gmt":"2018-01-16T23:39:02","guid":{"rendered":"http:\/\/diarioregionaljf.com.br\/2018\/01\/16\/lancamento-do-campeonato-mineiro-2018\/"},"modified":"2018-01-16T21:39:02","modified_gmt":"2018-01-16T23:39:02","slug":"lancamento-do-campeonato-mineiro-2018","status":"publish","type":"post","link":"https:\/\/diarioregionaldigital.com.br\/?p=89727","title":{"rendered":"Lan\u00e7amento do Campeonato Mineiro 2018"},"content":{"rendered":"<p>Foi dada a largada para o Campeonato Mineiro Sicoob 2018! Foi realizada, na noite dessa segunda-feira, 15, no Mineir\u00e3o, a festa de lan\u00e7amento para o estadual desta temporada. T\u00e9cnicos, dirigentes, jogadores, imprensa e convidados estiveram presentes na cerim\u00f4nia, que tamb\u00e9m premiou as equipes mineiras que se destacaram no \u00faltimo ano. Representaram a FMF Castellar Neto, Presidente, Adriano Aro, Secret\u00e1rio Geral, Leonardo Barbosa, Diretor de Competi\u00e7\u00f5es, Daniel Las Casas, Chefe de Gabinete da Presid\u00eancia e Fl\u00e1vio Drummond, Diretor Estatut\u00e1rio. Marcelo Aro representou a CBF no evento.&nbsp;<\/p>\n<p>Ao Cruzeiro, maior premiado da noite, foi concedido o Trof\u00e9u Globo Minas pelos t\u00edtulos do Campeonato Brasileiro Sub-20, Supercopa Sub-20 e Copa do Brasil de 2017. O Atl\u00e9tico foi contemplado pela conquista na Copa do Brasil Sub-20, enquanto o Am\u00e9rica, campe\u00e3o da S\u00e9rie B, tamb\u00e9m foi homenageado pelo \u00eaxito na temporada passada.<\/p>\n<p>Castellar Neto, presidente da FMF, falou sobre os trabalhos de prepara\u00e7\u00e3o realizados pela arbitragem, as mudan\u00e7as na f\u00f3rmula de disputa, a import\u00e2ncia do estadual para as cidades e os torcedores do interior e as expectativas para a competi\u00e7\u00e3o.<\/p>\n<p>\u201cEste ano, os \u00e1rbitros, pela primeira vez, ficaram concentrados por quase quatro dias no SESC Venda Nova, se preparando, se capacitando. Tivemos uma altera\u00e7\u00e3o na f\u00f3rmula, que foi proposta e votada pelos pr\u00f3prios clubes. Temos duas equipes voltando, o Boa, representante mineiro na S\u00e9rie B, e o Patrocinense, que retorna \u00e0 elite ap\u00f3s 24 anos. Os est\u00e1dios com qualidade do gramado. Tenho certeza que o torcedor mineiro ficar\u00e1 muito feliz com o nosso campeonato\u201d, completou Castellar.<\/p>\n<p>Al\u00e9m disso, o presidente da FMF tamb\u00e9m entregou em m\u00e3os o trof\u00e9u ao vice-presidente de futebol do Cruzeiro, Itair Machado, pelos t\u00edtulos da Raposa nas competi\u00e7\u00f5es de base em 2017.<\/p>\n<p>Nesta quarta-feira, 17, o Campeonato Mineiro volta a fazer parte da rotina do torcedor. Ser\u00e3o, ao todo, 76 jogos at\u00e9 a defini\u00e7\u00e3o do grande campe\u00e3o no dia 08 de abril. At\u00e9 l\u00e1, teremos muita bola rolando, gols, est\u00e1dios lotados e emo\u00e7\u00f5es de sobra para os apaixonados pelo futebol.&nbsp;<\/p>\n<p><strong>Fonte: Federa\u00e7\u00e3o Mineira de Futebol<\/strong><\/p>\n<p> <\/p>\n","protected":false},"excerpt":{"rendered":"<p>Foi dada a largada para o Campeonato Mineiro Sicoob 2018! Foi realizada, na noite dessa segunda-feira, 15, no Mineir\u00e3o, a festa de lan\u00e7amento para o estadual desta temporada. T\u00e9cnicos, dirigentes, jogadores, imprensa e convidados estiveram presentes na cerim\u00f4nia, que tamb\u00e9m premiou as equipes mineiras que se destacaram no \u00faltimo ano. Representaram a FMF Castellar Neto, [&hellip;]<\/p>\n","protected":false},"author":96,"featured_media":89726,"comment_status":"closed","ping_status":"closed","sticky":false,"template":"","format":"standard","meta":{"footnotes":""},"categories":[257],"tags":[],"class_list":["post-89727","post","type-post","status-publish","format-standard","has-post-thumbnail","hentry","category-esporte"],"_links":{"self":[{"href":"https:\/\/diarioregionaldigital.com.br\/index.php?rest_route=\/wp\/v2\/posts\/89727","targetHints":{"allow":["GET"]}}],"collection":[{"href":"https:\/\/diarioregionaldigital.com.br\/index.php?rest_route=\/wp\/v2\/posts"}],"about":[{"href":"https:\/\/diarioregionaldigital.com.br\/index.php?rest_route=\/wp\/v2\/types\/post"}],"author":[{"embeddable":true,"href":"https:\/\/diarioregionaldigital.com.br\/index.php?rest_route=\/wp\/v2\/users\/96"}],"replies":[{"embeddable":true,"href":"https:\/\/diarioregionaldigital.com.br\/index.php?rest_route=%2Fwp%2Fv2%2Fcomments&post=89727"}],"version-history":[{"count":0,"href":"https:\/\/diarioregionaldigital.com.br\/index.php?rest_route=\/wp\/v2\/posts\/89727\/revisions"}],"wp:featuredmedia":[{"embeddable":true,"href":"https:\/\/diarioregionaldigital.com.br\/index.php?rest_route=\/wp\/v2\/media\/89726"}],"wp:attachment":[{"href":"https:\/\/diarioregionaldigital.com.br\/index.php?rest_route=%2Fwp%2Fv2%2Fmedia&parent=89727"}],"wp:term":[{"taxonomy":"category","embeddable":true,"href":"https:\/\/diarioregionaldigital.com.br\/index.php?rest_route=%2Fwp%2Fv2%2Fcategories&post=89727"},{"taxonomy":"post_tag","embeddable":true,"href":"https:\/\/diarioregionaldigital.com.br\/index.php?rest_route=%2Fwp%2Fv2%2Ftags&post=89727"}],"curies":[{"name":"wp","href":"https:\/\/api.w.org\/{rel}","templated":true}]}}