{"id":89725,"date":"2018-01-16T21:36:36","date_gmt":"2018-01-16T23:36:36","guid":{"rendered":"http:\/\/diarioregionaljf.com.br\/2018\/01\/16\/mesatenista-campeao-brasileiro-alexandre-ank-participa-de-pedal-solidario-em-juiz-de-fora\/"},"modified":"2018-01-16T21:36:36","modified_gmt":"2018-01-16T23:36:36","slug":"mesatenista-campeao-brasileiro-alexandre-ank-participa-de-pedal-solidario-em-juiz-de-fora","status":"publish","type":"post","link":"https:\/\/diarioregionaldigital.com.br\/?p=89725","title":{"rendered":"Mesatenista campe\u00e3o brasileiro, Alexandre Ank, participa de pedal solid\u00e1rio em Juiz de Fora"},"content":{"rendered":"<p>O Campe\u00e3o paralimpico, Alexandre Ank, tamb\u00e9m participou do pedal beneficente ao David, que aconteceu no domingo, 14, em Juiz de Fora. O atleta fez quest\u00e3o de se juntar ao grupo que percorreu 46 km em prol da solidariedade ao amigo ciclista.<\/p>\n<p>Aos 17 anos de idade, houve uma mudan\u00e7a brusca na vida de Alexandre Ank. O hoje mesatenista paral\u00edmpico encontrou no esporte um recome\u00e7o, depois de um grave acidente automobil\u00edstico, em que&nbsp;&nbsp;ficou parapl\u00e9gico. Com o acidente do amigo David, Ank se viu na posi\u00e7\u00e3o de tamb\u00e9m ajudar e participou do pedal com sua handbike, uma bicicleta adaptada, movimentada pelas m\u00e3os.<\/p>\n<p>Em suas redes sociais o atleta publicou a satisfa\u00e7\u00e3o por participar do pedal: &#8220;Depois de 1 ano sem poder pedalar por recomenda\u00e7\u00f5es m\u00e9dicas ap\u00f3s cirurgias no Quadril e na Coluna,&nbsp; consegui estar de volta ao Pedal, na a\u00e7\u00e3o em Prol do David.<br \/> Pedal Solid\u00e1rio&nbsp; cheguei aos quase 30km. Agrade\u00e7o a moral e o apoio daqueles que fizeram o percurso comigo me motivando nas subidas e principalmente na volta Julio Marco Lawall, Marcus Augusto, Allan Willian, Juninho Vieira, Andr\u00e9a Castelo e os demais amigos do Pedal,\u201d comemora Alexandre. &nbsp;<\/p>\n<p>O evento organizado por grupos de pedal reuniu mais de 350 ciclistas. Foram arrecadados e entregue a David, que estava no local,&nbsp; len\u00e7os umedecidos, fraldas, gazes e outros objetos, al\u00e9m de cerca de R$2 mil.<\/p>\n","protected":false},"excerpt":{"rendered":"<p>O Campe\u00e3o paralimpico, Alexandre Ank, tamb\u00e9m participou do pedal beneficente ao David, que aconteceu no domingo, 14, em Juiz de Fora. O atleta fez quest\u00e3o de se juntar ao grupo que percorreu 46 km em prol da solidariedade ao amigo ciclista. Aos 17 anos de idade, houve uma mudan\u00e7a brusca na vida de Alexandre Ank. [&hellip;]<\/p>\n","protected":false},"author":96,"featured_media":89724,"comment_status":"closed","ping_status":"closed","sticky":false,"template":"","format":"standard","meta":{"footnotes":""},"categories":[257],"tags":[],"class_list":["post-89725","post","type-post","status-publish","format-standard","has-post-thumbnail","hentry","category-esporte"],"_links":{"self":[{"href":"https:\/\/diarioregionaldigital.com.br\/index.php?rest_route=\/wp\/v2\/posts\/89725","targetHints":{"allow":["GET"]}}],"collection":[{"href":"https:\/\/diarioregionaldigital.com.br\/index.php?rest_route=\/wp\/v2\/posts"}],"about":[{"href":"https:\/\/diarioregionaldigital.com.br\/index.php?rest_route=\/wp\/v2\/types\/post"}],"author":[{"embeddable":true,"href":"https:\/\/diarioregionaldigital.com.br\/index.php?rest_route=\/wp\/v2\/users\/96"}],"replies":[{"embeddable":true,"href":"https:\/\/diarioregionaldigital.com.br\/index.php?rest_route=%2Fwp%2Fv2%2Fcomments&post=89725"}],"version-history":[{"count":0,"href":"https:\/\/diarioregionaldigital.com.br\/index.php?rest_route=\/wp\/v2\/posts\/89725\/revisions"}],"wp:featuredmedia":[{"embeddable":true,"href":"https:\/\/diarioregionaldigital.com.br\/index.php?rest_route=\/wp\/v2\/media\/89724"}],"wp:attachment":[{"href":"https:\/\/diarioregionaldigital.com.br\/index.php?rest_route=%2Fwp%2Fv2%2Fmedia&parent=89725"}],"wp:term":[{"taxonomy":"category","embeddable":true,"href":"https:\/\/diarioregionaldigital.com.br\/index.php?rest_route=%2Fwp%2Fv2%2Fcategories&post=89725"},{"taxonomy":"post_tag","embeddable":true,"href":"https:\/\/diarioregionaldigital.com.br\/index.php?rest_route=%2Fwp%2Fv2%2Ftags&post=89725"}],"curies":[{"name":"wp","href":"https:\/\/api.w.org\/{rel}","templated":true}]}}