{"id":89723,"date":"2018-01-16T21:34:37","date_gmt":"2018-01-16T23:34:37","guid":{"rendered":"http:\/\/diarioregionaljf.com.br\/2018\/01\/16\/projeto-de-olimpiadas-estudantis-e-vetado-pela-prefeitura-de-juiz-de-fora\/"},"modified":"2018-01-16T21:34:37","modified_gmt":"2018-01-16T23:34:37","slug":"projeto-de-olimpiadas-estudantis-e-vetado-pela-prefeitura-de-juiz-de-fora","status":"publish","type":"post","link":"https:\/\/diarioregionaldigital.com.br\/?p=89723","title":{"rendered":"Projeto de \u201colimp\u00edadas estudantis\u201d \u00e9 vetado pela Prefeitura de Juiz de Fora"},"content":{"rendered":"<p>O Prefeito de Juiz de Fora, Bruno Siqueira (MDB), vetou o projeto de lei que institui as Olimp\u00edadas Estudantis de Esportes nas escolas municipais da cidade. A competi\u00e7\u00e3o seria realizada anualmente na segunda quinzena de outubro, sendo dirigida aos alunos da rede p\u00fablica municipal que cursarem o Ensino Fundamental do 6\u00b0 ao 9\u00b0 ano. Segundo o projeto, a competi\u00e7\u00e3o seria constitu\u00edda por diversas modalidades, como basquete, futsal, handebol, v\u00f4lei, futebol de campo, nata\u00e7\u00e3o, atletismo, jud\u00f4, gin\u00e1stica r\u00edtmica, gin\u00e1stica art\u00edstica, t\u00eanis de mesa, t\u00eanis de campo, skate e patins.<\/p>\n<p>Segundo justificativa apresentada pelo Executivo, publicada no Atos do Governo, o projeto indica o mesmo per\u00edodo de realiza\u00e7\u00e3o da Mostra Estudantil de Artes, o que demandaria aten\u00e7\u00e3o e estrutura\u00e7\u00e3o espec\u00edficas que inviabilizam a coexist\u00eancia de dois eventos deste porte. Al\u00e9m disso, o texto estabelece como&nbsp;modalidades de competi\u00e7\u00e3o obrigat\u00f3ria diversos esportes que sequer s\u00e3o ministrados na rede p\u00fablica de ensino, \u201calguns, inclusive, invi\u00e1veis devido ao custo financeiro de sua pr\u00e1tica, n\u00e3o havendo sequer equipamentos de competi\u00e7\u00e3o adequados atualmente \u00e0 disposi\u00e7\u00e3o do Munic\u00edpio.\u201d Por fim, o prefeito argumentou que n\u00e3o h\u00e1 previs\u00e3o or\u00e7ament\u00e1ria para a realiza\u00e7\u00e3o da competi\u00e7\u00e3o entre os custos minimamente previs\u00edvel e apontou que o munic\u00edpio j\u00e1 realiza os Jogos Intercolegiais, que chegaram \u00e0 24\u00aa edi\u00e7\u00e3o em 2017.<\/p>\n","protected":false},"excerpt":{"rendered":"<p>O Prefeito de Juiz de Fora, Bruno Siqueira (MDB), vetou o projeto de lei que institui as Olimp\u00edadas Estudantis de Esportes nas escolas municipais da cidade. A competi\u00e7\u00e3o seria realizada anualmente na segunda quinzena de outubro, sendo dirigida aos alunos da rede p\u00fablica municipal que cursarem o Ensino Fundamental do 6\u00b0 ao 9\u00b0 ano. Segundo [&hellip;]<\/p>\n","protected":false},"author":96,"featured_media":89722,"comment_status":"closed","ping_status":"closed","sticky":false,"template":"","format":"standard","meta":{"footnotes":""},"categories":[257],"tags":[],"class_list":["post-89723","post","type-post","status-publish","format-standard","has-post-thumbnail","hentry","category-esporte"],"_links":{"self":[{"href":"https:\/\/diarioregionaldigital.com.br\/index.php?rest_route=\/wp\/v2\/posts\/89723","targetHints":{"allow":["GET"]}}],"collection":[{"href":"https:\/\/diarioregionaldigital.com.br\/index.php?rest_route=\/wp\/v2\/posts"}],"about":[{"href":"https:\/\/diarioregionaldigital.com.br\/index.php?rest_route=\/wp\/v2\/types\/post"}],"author":[{"embeddable":true,"href":"https:\/\/diarioregionaldigital.com.br\/index.php?rest_route=\/wp\/v2\/users\/96"}],"replies":[{"embeddable":true,"href":"https:\/\/diarioregionaldigital.com.br\/index.php?rest_route=%2Fwp%2Fv2%2Fcomments&post=89723"}],"version-history":[{"count":0,"href":"https:\/\/diarioregionaldigital.com.br\/index.php?rest_route=\/wp\/v2\/posts\/89723\/revisions"}],"wp:featuredmedia":[{"embeddable":true,"href":"https:\/\/diarioregionaldigital.com.br\/index.php?rest_route=\/wp\/v2\/media\/89722"}],"wp:attachment":[{"href":"https:\/\/diarioregionaldigital.com.br\/index.php?rest_route=%2Fwp%2Fv2%2Fmedia&parent=89723"}],"wp:term":[{"taxonomy":"category","embeddable":true,"href":"https:\/\/diarioregionaldigital.com.br\/index.php?rest_route=%2Fwp%2Fv2%2Fcategories&post=89723"},{"taxonomy":"post_tag","embeddable":true,"href":"https:\/\/diarioregionaldigital.com.br\/index.php?rest_route=%2Fwp%2Fv2%2Ftags&post=89723"}],"curies":[{"name":"wp","href":"https:\/\/api.w.org\/{rel}","templated":true}]}}