{"id":89721,"date":"2018-01-16T21:33:26","date_gmt":"2018-01-16T23:33:26","guid":{"rendered":"http:\/\/diarioregionaljf.com.br\/2018\/01\/16\/cerca-de-200-animais-serao-atendidos-no-mutirao-de-castracao-em-muriae\/"},"modified":"2018-01-16T21:33:26","modified_gmt":"2018-01-16T23:33:26","slug":"cerca-de-200-animais-serao-atendidos-no-mutirao-de-castracao-em-muriae","status":"publish","type":"post","link":"https:\/\/diarioregionaldigital.com.br\/?p=89721","title":{"rendered":"Cerca de 200 animais ser\u00e3o atendidos no Mutir\u00e3o de Castra\u00e7\u00e3o em Muria\u00e9"},"content":{"rendered":"<p>Cento e noventa c\u00e3es e gatos ser\u00e3o atendidos de forma gratuita no Mutir\u00e3o de Castra\u00e7\u00e3o de Animais em Muria\u00e9 (a cerca de 158Km de JF). Promovida pela Prefeitura, a a\u00e7\u00e3o acontecer\u00e1 at\u00e9 a pr\u00f3xima sexta-feira, 19, na Pra\u00e7a Jo\u00e3o Pinheiro, Centro, onde a estrutura do \u201ccastram\u00f3vel\u201d estar\u00e1 montada em frente ao antigo Centro de Especialidades. A cirurgia vai evitar que os bichos tenham gravidez indesejada ou mesmo possam vir a desenvolver outros problemas de sa\u00fade, al\u00e9m de reduzir o abandono nas ruas da cidade.<\/p>\n<p>O setor de Vigil\u00e2ncia Ambiental da Prefeitura de Muria\u00e9 recebeu 287 inscri\u00e7\u00f5es, sendo que 190 ser\u00e3o atendidas pelo projeto (n\u00famero m\u00e1ximo de vagas disponibilizadas pelo \u201ccastram\u00f3vel\u201d). Devido \u00e0 alta procura pelo servi\u00e7o, a Administra\u00e7\u00e3o oferecer\u00e1 mais 50 cirurgias, que ser\u00e3o realizadas ao longo do ano no Centro de Controle de Zoonoses.<\/p>\n<p>O \u201ccastram\u00f3vel\u201d \u00e9 um servi\u00e7o de castra\u00e7\u00e3o gratuita itinerante (caminh\u00e3o-consult\u00f3rio) que envolve enfermeiros e veterin\u00e1rios na realiza\u00e7\u00e3o de cirurgias em c\u00e3es e gatos de ambos os sexos. A a\u00e7\u00e3o est\u00e1 registrada no Conselho Regional de Medicina Veterin\u00e1ria. \u201cEsta \u00e9 uma forma de reduzir o abandono de animais nas ruas em situa\u00e7\u00e3o de risco e tamb\u00e9m impedir futuros problemas de sa\u00fade em c\u00e3es e gatos. Estamos investindo na prote\u00e7\u00e3o animal realizando castra\u00e7\u00f5es gratuitas para melhorar a qualidade de vida tanto dos animais quanto dos muriaeenses\u201d, afirma o prefeito Grego.<\/p>\n<p>&nbsp;<\/p>\n<p><strong>Mutir\u00e3o de Castra\u00e7\u00e3o de Animais<\/strong><\/p>\n<p>&#8211; Data: 16, 17, 18 e 19 de janeiro (de ter\u00e7a a sexta-feira)<br \/>&#8211; Hor\u00e1rio: 8h \u00e0s 15h<br \/>&#8211; Local: Pra\u00e7a Jo\u00e3o Pinheiro &#8211; em frente ao antigo Centro de Especialidades<br \/>*\u00c9 necess\u00e1rio levar manta e colar elisabetano (para animais machos)<br \/>O animal deve estar em jejum:<br \/>\u2013 C\u00e3es f\u00eameas e felinos: a partir da meia-noite<br \/>\u2013 C\u00e3es machos: a partir das 5h<\/p>\n<p>&nbsp;<\/p>\n<p>Fonte: Assessoria<\/p>\n","protected":false},"excerpt":{"rendered":"<p>Cento e noventa c\u00e3es e gatos ser\u00e3o atendidos de forma gratuita no Mutir\u00e3o de Castra\u00e7\u00e3o de Animais em Muria\u00e9 (a cerca de 158Km de JF). Promovida pela Prefeitura, a a\u00e7\u00e3o acontecer\u00e1 at\u00e9 a pr\u00f3xima sexta-feira, 19, na Pra\u00e7a Jo\u00e3o Pinheiro, Centro, onde a estrutura do \u201ccastram\u00f3vel\u201d estar\u00e1 montada em frente ao antigo Centro de Especialidades. [&hellip;]<\/p>\n","protected":false},"author":96,"featured_media":89720,"comment_status":"closed","ping_status":"closed","sticky":false,"template":"","format":"standard","meta":{"footnotes":""},"categories":[252],"tags":[],"class_list":["post-89721","post","type-post","status-publish","format-standard","has-post-thumbnail","hentry","category-regiao"],"_links":{"self":[{"href":"https:\/\/diarioregionaldigital.com.br\/index.php?rest_route=\/wp\/v2\/posts\/89721","targetHints":{"allow":["GET"]}}],"collection":[{"href":"https:\/\/diarioregionaldigital.com.br\/index.php?rest_route=\/wp\/v2\/posts"}],"about":[{"href":"https:\/\/diarioregionaldigital.com.br\/index.php?rest_route=\/wp\/v2\/types\/post"}],"author":[{"embeddable":true,"href":"https:\/\/diarioregionaldigital.com.br\/index.php?rest_route=\/wp\/v2\/users\/96"}],"replies":[{"embeddable":true,"href":"https:\/\/diarioregionaldigital.com.br\/index.php?rest_route=%2Fwp%2Fv2%2Fcomments&post=89721"}],"version-history":[{"count":0,"href":"https:\/\/diarioregionaldigital.com.br\/index.php?rest_route=\/wp\/v2\/posts\/89721\/revisions"}],"wp:featuredmedia":[{"embeddable":true,"href":"https:\/\/diarioregionaldigital.com.br\/index.php?rest_route=\/wp\/v2\/media\/89720"}],"wp:attachment":[{"href":"https:\/\/diarioregionaldigital.com.br\/index.php?rest_route=%2Fwp%2Fv2%2Fmedia&parent=89721"}],"wp:term":[{"taxonomy":"category","embeddable":true,"href":"https:\/\/diarioregionaldigital.com.br\/index.php?rest_route=%2Fwp%2Fv2%2Fcategories&post=89721"},{"taxonomy":"post_tag","embeddable":true,"href":"https:\/\/diarioregionaldigital.com.br\/index.php?rest_route=%2Fwp%2Fv2%2Ftags&post=89721"}],"curies":[{"name":"wp","href":"https:\/\/api.w.org\/{rel}","templated":true}]}}