{"id":89715,"date":"2018-01-16T21:12:38","date_gmt":"2018-01-16T23:12:38","guid":{"rendered":"http:\/\/diarioregionaljf.com.br\/2018\/01\/16\/prefeitura-realiza-fiscalizacao-contra-ocupacao-de-ambulantes-irregulares-na-praca-do-riachuelo\/"},"modified":"2018-01-16T21:12:38","modified_gmt":"2018-01-16T23:12:38","slug":"prefeitura-realiza-fiscalizacao-contra-ocupacao-de-ambulantes-irregulares-na-praca-do-riachuelo","status":"publish","type":"post","link":"https:\/\/diarioregionaldigital.com.br\/?p=89715","title":{"rendered":"Prefeitura realiza fiscaliza\u00e7\u00e3o contra ocupa\u00e7\u00e3o de ambulantes irregulares na Pra\u00e7a do Riachuelo"},"content":{"rendered":"<p>A Secretaria de Atividades (SAU) da Prefeitura de Juiz de Fora (PJF) realizou uma a\u00e7\u00e3o de fiscaliza\u00e7\u00e3o na Pra\u00e7a do Riachuelo, regi\u00e3o central, nesta ter\u00e7a-feira, 16. Os fiscais de posturas, com apoio da Guarda Municipal e da Pol\u00edcia Militar, fiscalizaram ambulantes irregulares (aqueles que n\u00e3o possuem licen\u00e7a para exercer a atividade).<\/p>\n<p>De acordo com informa\u00e7\u00f5es da PJF, o objetivo da a\u00e7\u00e3o \u00e9 coibir a ocupa\u00e7\u00e3o indevida das vias e logradouros p\u00fablicos, garantindo mais acessibilidade e mobilidade \u00e0 popula\u00e7\u00e3o, colaborando, de forma indireta, na seguran\u00e7a p\u00fablica. Ao todo, foram apreendidos mais de dez sacos de materiais e, ao final da a\u00e7\u00e3o, o Departamento Municipal de Limpeza Urbana (Demlurb) realizou a limpeza da pra\u00e7a, recolhendo materiais inserv\u00edveis.<\/p>\n<p>O C\u00f3digo de Posturas prev\u00ea um prazo de dez dias para que o respons\u00e1vel pela mercadoria resgate os bens, mediante apresenta\u00e7\u00e3o de nota fiscal e pagamento das multas devidas, taxas de apreens\u00e3o e dep\u00f3sitos incidentes. A lei tamb\u00e9m garante que, ap\u00f3s este per\u00edodo, o material apreendido seja reaproveitado pelo Poder Executivo, doado a \u00f3rg\u00e3os oficiais, educacionais ou assistenciais.<\/p>\n<p>Ainda conforme a Prefeitura, &#8220;alimentos perec\u00edveis e materiais ilegais e il\u00edcitos apreendidos, conforme o artigo 507, inciso quarto, do C\u00f3digo, de Posturas, n\u00e3o s\u00e3o pass\u00edveis de devolu\u00e7\u00e3o, em qualquer situa\u00e7\u00e3o&#8221;.<\/p>\n<p>&nbsp;<\/p>\n<p>Da reda\u00e7\u00e3o\/Colabora\u00e7\u00e3o: Assessoria<\/p>\n","protected":false},"excerpt":{"rendered":"<p>A Secretaria de Atividades (SAU) da Prefeitura de Juiz de Fora (PJF) realizou uma a\u00e7\u00e3o de fiscaliza\u00e7\u00e3o na Pra\u00e7a do Riachuelo, regi\u00e3o central, nesta ter\u00e7a-feira, 16. Os fiscais de posturas, com apoio da Guarda Municipal e da Pol\u00edcia Militar, fiscalizaram ambulantes irregulares (aqueles que n\u00e3o possuem licen\u00e7a para exercer a atividade). De acordo com informa\u00e7\u00f5es [&hellip;]<\/p>\n","protected":false},"author":96,"featured_media":89714,"comment_status":"closed","ping_status":"closed","sticky":false,"template":"","format":"standard","meta":{"footnotes":""},"categories":[253],"tags":[],"class_list":["post-89715","post","type-post","status-publish","format-standard","has-post-thumbnail","hentry","category-cidade"],"_links":{"self":[{"href":"https:\/\/diarioregionaldigital.com.br\/index.php?rest_route=\/wp\/v2\/posts\/89715","targetHints":{"allow":["GET"]}}],"collection":[{"href":"https:\/\/diarioregionaldigital.com.br\/index.php?rest_route=\/wp\/v2\/posts"}],"about":[{"href":"https:\/\/diarioregionaldigital.com.br\/index.php?rest_route=\/wp\/v2\/types\/post"}],"author":[{"embeddable":true,"href":"https:\/\/diarioregionaldigital.com.br\/index.php?rest_route=\/wp\/v2\/users\/96"}],"replies":[{"embeddable":true,"href":"https:\/\/diarioregionaldigital.com.br\/index.php?rest_route=%2Fwp%2Fv2%2Fcomments&post=89715"}],"version-history":[{"count":0,"href":"https:\/\/diarioregionaldigital.com.br\/index.php?rest_route=\/wp\/v2\/posts\/89715\/revisions"}],"wp:featuredmedia":[{"embeddable":true,"href":"https:\/\/diarioregionaldigital.com.br\/index.php?rest_route=\/wp\/v2\/media\/89714"}],"wp:attachment":[{"href":"https:\/\/diarioregionaldigital.com.br\/index.php?rest_route=%2Fwp%2Fv2%2Fmedia&parent=89715"}],"wp:term":[{"taxonomy":"category","embeddable":true,"href":"https:\/\/diarioregionaldigital.com.br\/index.php?rest_route=%2Fwp%2Fv2%2Fcategories&post=89715"},{"taxonomy":"post_tag","embeddable":true,"href":"https:\/\/diarioregionaldigital.com.br\/index.php?rest_route=%2Fwp%2Fv2%2Ftags&post=89715"}],"curies":[{"name":"wp","href":"https:\/\/api.w.org\/{rel}","templated":true}]}}