{"id":89711,"date":"2018-01-16T19:34:38","date_gmt":"2018-01-16T21:34:38","guid":{"rendered":"http:\/\/diarioregionaljf.com.br\/2018\/01\/16\/pec-estabelece-conteudo-minimo-para-o-ensino-medio\/"},"modified":"2018-01-16T19:34:38","modified_gmt":"2018-01-16T21:34:38","slug":"pec-estabelece-conteudo-minimo-para-o-ensino-medio","status":"publish","type":"post","link":"https:\/\/diarioregionaldigital.com.br\/?p=89711","title":{"rendered":"PEC estabelece conte\u00fado m\u00ednimo para o ensino m\u00e9dio"},"content":{"rendered":"<p>Conte\u00fados m\u00ednimos que assegurem a forma\u00e7\u00e3o b\u00e1sica comum e o respeito aos valores culturais e art\u00edsticos, nacionais e regionais, podem se tornar obrigat\u00f3rios no ensino m\u00e9dio. A proposta (PEC 48\/2007) que trata do assunto est\u00e1 pronta para ser votada na Comiss\u00e3o de Constitui\u00e7\u00e3o, Justi\u00e7a e Cidadania (CCJ). Hoje, a Constitui\u00e7\u00e3o determina um conte\u00fado m\u00ednimo fixo apenas para o ensino fundamental.<\/p>\n<p>De iniciativa do senador Cristovam Buarque (PDT-DF), a proposta tamb\u00e9m estabelece que o ensino fundamental e o m\u00e9dio devem ser ministrados sempre em l\u00edngua portuguesa e, quando for o caso, na L\u00edngua Brasileira de Sinais (Libras). As comunidades ind\u00edgenas tamb\u00e9m devem ter assegurado o uso de suas l\u00ednguas maternas e processos pr\u00f3prios de aprendizagem.<\/p>\n<p>Cristovam lembra que, em qualquer lugar do mundo, a escola \u00e9 o instrumento de unifica\u00e7\u00e3o e identidade nacional. Mas no Brasil, aponta o senador, \u00e9 um instrumento desagregador e diferenciador. Para Cristovam, \u00e9 necess\u00e1rio e urgente reverter esse quadro. Ele diz que o pa\u00eds precisa imprimir um car\u00e1ter nacional \u00e0 sua educa\u00e7\u00e3o b\u00e1sica, nos mesmos moldes do tratamento dado, por exemplo, \u00e0s universidades.<\/p>\n<p>O relator, senador H\u00e9lio Jos\u00e9 (PMDB-DF), \u00e9 favor\u00e1vel \u00e0 PEC. Ele elogiou a iniciativa de Cristovam, especialmente a previs\u00e3o sobre o uso de Libras em sala de aula. Se aprovada na comiss\u00e3o, a mat\u00e9ria seguir\u00e1 para a an\u00e1lise do Plen\u00e1rio.<\/p>\n<p>Fonte: Ag\u00eancia Senado<\/p>\n","protected":false},"excerpt":{"rendered":"<p>Conte\u00fados m\u00ednimos que assegurem a forma\u00e7\u00e3o b\u00e1sica comum e o respeito aos valores culturais e art\u00edsticos, nacionais e regionais, podem se tornar obrigat\u00f3rios no ensino m\u00e9dio. A proposta (PEC 48\/2007) que trata do assunto est\u00e1 pronta para ser votada na Comiss\u00e3o de Constitui\u00e7\u00e3o, Justi\u00e7a e Cidadania (CCJ). Hoje, a Constitui\u00e7\u00e3o determina um conte\u00fado m\u00ednimo fixo [&hellip;]<\/p>\n","protected":false},"author":96,"featured_media":89710,"comment_status":"closed","ping_status":"closed","sticky":false,"template":"","format":"standard","meta":{"footnotes":""},"categories":[254],"tags":[],"class_list":["post-89711","post","type-post","status-publish","format-standard","has-post-thumbnail","hentry","category-politica"],"_links":{"self":[{"href":"https:\/\/diarioregionaldigital.com.br\/index.php?rest_route=\/wp\/v2\/posts\/89711","targetHints":{"allow":["GET"]}}],"collection":[{"href":"https:\/\/diarioregionaldigital.com.br\/index.php?rest_route=\/wp\/v2\/posts"}],"about":[{"href":"https:\/\/diarioregionaldigital.com.br\/index.php?rest_route=\/wp\/v2\/types\/post"}],"author":[{"embeddable":true,"href":"https:\/\/diarioregionaldigital.com.br\/index.php?rest_route=\/wp\/v2\/users\/96"}],"replies":[{"embeddable":true,"href":"https:\/\/diarioregionaldigital.com.br\/index.php?rest_route=%2Fwp%2Fv2%2Fcomments&post=89711"}],"version-history":[{"count":0,"href":"https:\/\/diarioregionaldigital.com.br\/index.php?rest_route=\/wp\/v2\/posts\/89711\/revisions"}],"wp:featuredmedia":[{"embeddable":true,"href":"https:\/\/diarioregionaldigital.com.br\/index.php?rest_route=\/wp\/v2\/media\/89710"}],"wp:attachment":[{"href":"https:\/\/diarioregionaldigital.com.br\/index.php?rest_route=%2Fwp%2Fv2%2Fmedia&parent=89711"}],"wp:term":[{"taxonomy":"category","embeddable":true,"href":"https:\/\/diarioregionaldigital.com.br\/index.php?rest_route=%2Fwp%2Fv2%2Fcategories&post=89711"},{"taxonomy":"post_tag","embeddable":true,"href":"https:\/\/diarioregionaldigital.com.br\/index.php?rest_route=%2Fwp%2Fv2%2Ftags&post=89711"}],"curies":[{"name":"wp","href":"https:\/\/api.w.org\/{rel}","templated":true}]}}