{"id":89709,"date":"2018-01-16T19:31:56","date_gmt":"2018-01-16T21:31:56","guid":{"rendered":"http:\/\/diarioregionaljf.com.br\/2018\/01\/16\/comissao-analisa-perda-imediata-de-mandato-apos-condenacao-de-parlamentar\/"},"modified":"2018-01-16T19:31:56","modified_gmt":"2018-01-16T21:31:56","slug":"comissao-analisa-perda-imediata-de-mandato-apos-condenacao-de-parlamentar","status":"publish","type":"post","link":"https:\/\/diarioregionaldigital.com.br\/?p=89709","title":{"rendered":"Comiss\u00e3o analisa perda imediata de mandato ap\u00f3s condena\u00e7\u00e3o de parlamentar"},"content":{"rendered":"<p>Proposta de Emenda \u00e0 Constitui\u00e7\u00e3o (PEC) que institui a perda autom\u00e1tica dos mandatos parlamentares nos casos de condena\u00e7\u00e3o por crimes que estejam previstos na Lei da Ficha Limpa ser\u00e1 analisada pela Comiss\u00e3o de Constitui\u00e7\u00e3o, Justi\u00e7a e Cidadania (CCJ).<\/p>\n<p>Atualmente, um deputado ou senador que seja alvo de condena\u00e7\u00e3o criminal s\u00f3 perde o mandato se o Plen\u00e1rio da respectiva casa legislativa decidir cass\u00e1-lo. Caso contr\u00e1rio ele continua no cargo, mesmo se vier a ser preso em consequ\u00eancia da condena\u00e7\u00e3o.<\/p>\n<p>A PEC 36\/2017, do senador Rom\u00e1rio (Pode-RJ), modifica essa regra para determinar que, em caso de condena\u00e7\u00e3o por crimes que ensejem inelegibilidade, a perda do mandato seja autom\u00e1tica. Esses atos est\u00e3o elencados na Lei da Ficha Limpa e incluem lavagem de dinheiro, tr\u00e1fico de drogas, forma\u00e7\u00e3o de quadrilha, estupro, trabalho an\u00e1logo \u00e0 escravid\u00e3o, abuso de autoridade, crimes contra a vida, entre outros.<\/p>\n<p>Caso a condena\u00e7\u00e3o se der por causa de crimes n\u00e3o listados na Lei da Ficha Limpa \u2014 ou seja, que n\u00e3o provoquem a inelegibilidade \u2014 a perda do mandato continua submetida \u00e0 decis\u00e3o da C\u00e2mara dos Deputados ou do Senado.<\/p>\n<p>Rom\u00e1rio argumenta que a Constitui\u00e7\u00e3o sustenta uma \u201ccontradi\u00e7\u00e3o\u201d, uma vez que um parlamentar pode se tornar ineleg\u00edvel em virtude de um crime comprovado mas, ao mesmo tempo, manter o seu mandato. Para o senador, isso tamb\u00e9m deprecia a imagem do Parlamento, que convive com membros condenados.<\/p>\n<p>A PEC tem parecer favor\u00e1vel do senador Randolfe Rodrigues (Rede-AP), para quem a mat\u00e9ria refor\u00e7a a seguran\u00e7a jur\u00eddica e a moralidade p\u00fablica.<\/p>\n<p>Caso seja aprovada pela CCJ, a PEC 36\/2017 ter\u00e1 que passar por duas vota\u00e7\u00f5es no Plen\u00e1rio, obtendo pelo menos 49 votos favor\u00e1veis em cada uma. Depois, seguir\u00e1 o mesmo procedimento na C\u00e2mara, sendo ent\u00e3o promulgada pelo Congresso, caso tenha sido aprovada.<\/p>\n<p>Fonte: Ag\u00eancia Senado<\/p>\n","protected":false},"excerpt":{"rendered":"<p>Proposta de Emenda \u00e0 Constitui\u00e7\u00e3o (PEC) que institui a perda autom\u00e1tica dos mandatos parlamentares nos casos de condena\u00e7\u00e3o por crimes que estejam previstos na Lei da Ficha Limpa ser\u00e1 analisada pela Comiss\u00e3o de Constitui\u00e7\u00e3o, Justi\u00e7a e Cidadania (CCJ). Atualmente, um deputado ou senador que seja alvo de condena\u00e7\u00e3o criminal s\u00f3 perde o mandato se o [&hellip;]<\/p>\n","protected":false},"author":96,"featured_media":89708,"comment_status":"closed","ping_status":"closed","sticky":false,"template":"","format":"standard","meta":{"footnotes":""},"categories":[254],"tags":[],"class_list":["post-89709","post","type-post","status-publish","format-standard","has-post-thumbnail","hentry","category-politica"],"_links":{"self":[{"href":"https:\/\/diarioregionaldigital.com.br\/index.php?rest_route=\/wp\/v2\/posts\/89709","targetHints":{"allow":["GET"]}}],"collection":[{"href":"https:\/\/diarioregionaldigital.com.br\/index.php?rest_route=\/wp\/v2\/posts"}],"about":[{"href":"https:\/\/diarioregionaldigital.com.br\/index.php?rest_route=\/wp\/v2\/types\/post"}],"author":[{"embeddable":true,"href":"https:\/\/diarioregionaldigital.com.br\/index.php?rest_route=\/wp\/v2\/users\/96"}],"replies":[{"embeddable":true,"href":"https:\/\/diarioregionaldigital.com.br\/index.php?rest_route=%2Fwp%2Fv2%2Fcomments&post=89709"}],"version-history":[{"count":0,"href":"https:\/\/diarioregionaldigital.com.br\/index.php?rest_route=\/wp\/v2\/posts\/89709\/revisions"}],"wp:featuredmedia":[{"embeddable":true,"href":"https:\/\/diarioregionaldigital.com.br\/index.php?rest_route=\/wp\/v2\/media\/89708"}],"wp:attachment":[{"href":"https:\/\/diarioregionaldigital.com.br\/index.php?rest_route=%2Fwp%2Fv2%2Fmedia&parent=89709"}],"wp:term":[{"taxonomy":"category","embeddable":true,"href":"https:\/\/diarioregionaldigital.com.br\/index.php?rest_route=%2Fwp%2Fv2%2Fcategories&post=89709"},{"taxonomy":"post_tag","embeddable":true,"href":"https:\/\/diarioregionaldigital.com.br\/index.php?rest_route=%2Fwp%2Fv2%2Ftags&post=89709"}],"curies":[{"name":"wp","href":"https:\/\/api.w.org\/{rel}","templated":true}]}}