{"id":89707,"date":"2018-01-16T19:30:59","date_gmt":"2018-01-16T21:30:59","guid":{"rendered":"http:\/\/diarioregionaljf.com.br\/2018\/01\/16\/nascidos-em-janeiro-e-fevereiro-podem-sacar-o-pis-na-proxima-quinta-feira\/"},"modified":"2018-01-16T19:30:59","modified_gmt":"2018-01-16T21:30:59","slug":"nascidos-em-janeiro-e-fevereiro-podem-sacar-o-pis-na-proxima-quinta-feira","status":"publish","type":"post","link":"https:\/\/diarioregionaldigital.com.br\/?p=89707","title":{"rendered":"Nascidos em janeiro e fevereiro podem sacar o PIS na pr\u00f3xima quinta-feira"},"content":{"rendered":"<p>Trabalhadores nascidos nos meses de janeiro e fevereiro v\u00e3o poder sacar o pagamento do Abono Salarial (PIS \u2013 Programa de Integra\u00e7\u00e3o Social) calend\u00e1rio 2017\/2018, ano-base 2016, a partir da pr\u00f3xima quinta-feira, 18. Ao todo 3.494.140 pessoas t\u00eam direito a R$ 2.483.259.922,00.<\/p>\n<p>Os valores variam de R$80 a R$954, conforme o tempo de trabalho em 2016. Quem tem conta individual na Caixa com saldo acima de R$1,00 j\u00e1 pode conferir seu recebimento no cr\u00e9dito autom\u00e1tico.<\/p>\n<p>Para saber o valor e se tem direito ao benef\u00edcio, o trabalhador pode fazer a consulta no Aplicativo Caixa Trabalhador, no site da Caixa (www.caixa.gov.br\/PIS) ou pelo Atendimento Caixa ao Cidad\u00e3o: 0800 726 0207. Os pagamentos come\u00e7aram em julho de 2017.<\/p>\n<p>Quem tem direito aos recursos poder\u00e1 retir\u00e1-los at\u00e9 29 de junho deste ano. A Caixa disponibiliza R$15,7 bilh\u00f5es para 22,1 milh\u00f5es de benefici\u00e1rios em todo o calend\u00e1rio.<\/p>\n<hr \/>\n<p>&nbsp;Fonte: Portal Brasil<\/p>\n","protected":false},"excerpt":{"rendered":"<p>Trabalhadores nascidos nos meses de janeiro e fevereiro v\u00e3o poder sacar o pagamento do Abono Salarial (PIS \u2013 Programa de Integra\u00e7\u00e3o Social) calend\u00e1rio 2017\/2018, ano-base 2016, a partir da pr\u00f3xima quinta-feira, 18. Ao todo 3.494.140 pessoas t\u00eam direito a R$ 2.483.259.922,00. Os valores variam de R$80 a R$954, conforme o tempo de trabalho em 2016. [&hellip;]<\/p>\n","protected":false},"author":96,"featured_media":89706,"comment_status":"closed","ping_status":"closed","sticky":false,"template":"","format":"standard","meta":{"footnotes":""},"categories":[261],"tags":[],"class_list":["post-89707","post","type-post","status-publish","format-standard","has-post-thumbnail","hentry","category-economia"],"_links":{"self":[{"href":"https:\/\/diarioregionaldigital.com.br\/index.php?rest_route=\/wp\/v2\/posts\/89707","targetHints":{"allow":["GET"]}}],"collection":[{"href":"https:\/\/diarioregionaldigital.com.br\/index.php?rest_route=\/wp\/v2\/posts"}],"about":[{"href":"https:\/\/diarioregionaldigital.com.br\/index.php?rest_route=\/wp\/v2\/types\/post"}],"author":[{"embeddable":true,"href":"https:\/\/diarioregionaldigital.com.br\/index.php?rest_route=\/wp\/v2\/users\/96"}],"replies":[{"embeddable":true,"href":"https:\/\/diarioregionaldigital.com.br\/index.php?rest_route=%2Fwp%2Fv2%2Fcomments&post=89707"}],"version-history":[{"count":0,"href":"https:\/\/diarioregionaldigital.com.br\/index.php?rest_route=\/wp\/v2\/posts\/89707\/revisions"}],"wp:featuredmedia":[{"embeddable":true,"href":"https:\/\/diarioregionaldigital.com.br\/index.php?rest_route=\/wp\/v2\/media\/89706"}],"wp:attachment":[{"href":"https:\/\/diarioregionaldigital.com.br\/index.php?rest_route=%2Fwp%2Fv2%2Fmedia&parent=89707"}],"wp:term":[{"taxonomy":"category","embeddable":true,"href":"https:\/\/diarioregionaldigital.com.br\/index.php?rest_route=%2Fwp%2Fv2%2Fcategories&post=89707"},{"taxonomy":"post_tag","embeddable":true,"href":"https:\/\/diarioregionaldigital.com.br\/index.php?rest_route=%2Fwp%2Fv2%2Ftags&post=89707"}],"curies":[{"name":"wp","href":"https:\/\/api.w.org\/{rel}","templated":true}]}}