{"id":89705,"date":"2018-01-16T19:28:57","date_gmt":"2018-01-16T21:28:57","guid":{"rendered":"http:\/\/diarioregionaljf.com.br\/2018\/01\/16\/tres-homens-sao-presos-por-posse-ilegal-de-arma-de-fogo-na-zona-norte\/"},"modified":"2018-01-16T19:28:57","modified_gmt":"2018-01-16T21:28:57","slug":"tres-homens-sao-presos-por-posse-ilegal-de-arma-de-fogo-na-zona-norte","status":"publish","type":"post","link":"https:\/\/diarioregionaldigital.com.br\/?p=89705","title":{"rendered":"Tr\u00eas homens s\u00e3o presos por posse ilegal de arma de fogo na zona Norte"},"content":{"rendered":"<p>A Pol\u00edcia Militar (PM) registrou tr\u00eas ocorr\u00eancias relativas \u00e0 porte ilegal de arma de fogo, em bairros diferentes da zona Norte de Juiz de Fora, nessa segunda-feira, 15. As a\u00e7\u00f5es resultaram na pris\u00e3o de tr\u00eas suspeitos e na apreens\u00e3o de armas e muni\u00e7\u00f5es.<\/p>\n<p>No bairro Valadares, um homem de 36 anos foi detido e foram apreendidos um rev\u00f3lver calibre.22, al\u00e9m de quatro cartuchos intactos e duas muni\u00e7\u00f5es picotadas de mesmo calibre. Segundo informa\u00e7\u00f5es da PM, os militares chegaram at\u00e9 o suspeito ap\u00f3s receberem informa\u00e7\u00f5es de que ele estaria exibindo a arma nas ruas do bairro no domingo, 14.<\/p>\n<p>Diante das informa\u00e7\u00f5es, os policiais realizaram dilig\u00eancias em busca do homem, que foi encontrado na Rua da Esta\u00e7\u00e3o. Abordado, o autor confirmou a posse do rev\u00f3lver e indicou o local onde o mesmo estava escondido. Ele foi preso e conduzido \u00e0 Delegacia.<\/p>\n<p>Um outro homem, de 37 anos, foi detido no bairro Jardim Natal depois que um rev\u00f3lver Taurus calibre .38 foi encontrado em sua resid\u00eancia. De acordo com informa\u00e7\u00f5es do registro de ocorr\u00eancia, os policiais se deslocaram at\u00e9 o im\u00f3vel ap\u00f3s receberem den\u00fancia an\u00f4nima informando que o autor tinha um rev\u00f3lver, uma pistola e uma espingarda calibre 12 em casa.<\/p>\n<p>O denunciado autorizou a entrada dos militares na resid\u00eancia e, durante buscas, o rev\u00f3lver foi encontrado escondido debaixo da \u00faltima gaveta de um guarda-roupa. Questionado sobre a origem da arma, o suspeito informou que a havia encontrado no carro de um indiv\u00edduo que encontra-se preso em Ub\u00e1 (a cerca de 111 Km de JF) e que estaria guardando o rev\u00f3lver para o mesmo, com quem pegou o ve\u00edculo emprestado.<\/p>\n<p>O autor foi preso e conduzido \u00e0 delegacia de plant\u00e3o, juntamente com a arma de fogo apreendida, para as provid\u00eancias cab\u00edveis.<\/p>\n<p>No final da tarde, durante patrulhamento pelo bairro Santa Cruz, uma equipe da PM foi abordada por uma mulher, relatando que, em um im\u00f3vel na Rua Helena Bittencourt, no bairro Carlos Chagas, havia uma pessoa em c\u00e1rcere privado e que o propriet\u00e1rio da casa possu\u00eda uma arma de fogo.<\/p>\n<p>Conforme informa\u00e7\u00f5es do Boletim de Ocorr\u00eancia (BO), os militares se deslocaram at\u00e9 o endere\u00e7o informado e tiveram a entrada franqueada pelo morador do local. L\u00e1, confirmaram que a den\u00fancia de c\u00e1rcere privado era infundada, por\u00e9m, em uma estante na sala do im\u00f3vel havia armas de fogo de modelo antigo.<\/p>\n<p>Em conversas com o autor, o mesmo informou que ganhou uma das armas e comprou a outra na feira livre. Ele afirmou, ainda, que era colecionador, por isso guardava as armas expostas no m\u00f3vel da sala. Como n\u00e3o possu\u00eda autoriza\u00e7\u00e3o para a posse das armas, foi conduzido \u00e0 delegacia, com o material apreendido, para as demais provid\u00eancias.<\/p>\n","protected":false},"excerpt":{"rendered":"<p>A Pol\u00edcia Militar (PM) registrou tr\u00eas ocorr\u00eancias relativas \u00e0 porte ilegal de arma de fogo, em bairros diferentes da zona Norte de Juiz de Fora, nessa segunda-feira, 15. As a\u00e7\u00f5es resultaram na pris\u00e3o de tr\u00eas suspeitos e na apreens\u00e3o de armas e muni\u00e7\u00f5es. No bairro Valadares, um homem de 36 anos foi detido e foram [&hellip;]<\/p>\n","protected":false},"author":96,"featured_media":89704,"comment_status":"closed","ping_status":"closed","sticky":false,"template":"","format":"standard","meta":{"footnotes":""},"categories":[301],"tags":[],"class_list":["post-89705","post","type-post","status-publish","format-standard","has-post-thumbnail","hentry","category-artigos-policiais"],"_links":{"self":[{"href":"https:\/\/diarioregionaldigital.com.br\/index.php?rest_route=\/wp\/v2\/posts\/89705","targetHints":{"allow":["GET"]}}],"collection":[{"href":"https:\/\/diarioregionaldigital.com.br\/index.php?rest_route=\/wp\/v2\/posts"}],"about":[{"href":"https:\/\/diarioregionaldigital.com.br\/index.php?rest_route=\/wp\/v2\/types\/post"}],"author":[{"embeddable":true,"href":"https:\/\/diarioregionaldigital.com.br\/index.php?rest_route=\/wp\/v2\/users\/96"}],"replies":[{"embeddable":true,"href":"https:\/\/diarioregionaldigital.com.br\/index.php?rest_route=%2Fwp%2Fv2%2Fcomments&post=89705"}],"version-history":[{"count":0,"href":"https:\/\/diarioregionaldigital.com.br\/index.php?rest_route=\/wp\/v2\/posts\/89705\/revisions"}],"wp:featuredmedia":[{"embeddable":true,"href":"https:\/\/diarioregionaldigital.com.br\/index.php?rest_route=\/wp\/v2\/media\/89704"}],"wp:attachment":[{"href":"https:\/\/diarioregionaldigital.com.br\/index.php?rest_route=%2Fwp%2Fv2%2Fmedia&parent=89705"}],"wp:term":[{"taxonomy":"category","embeddable":true,"href":"https:\/\/diarioregionaldigital.com.br\/index.php?rest_route=%2Fwp%2Fv2%2Fcategories&post=89705"},{"taxonomy":"post_tag","embeddable":true,"href":"https:\/\/diarioregionaldigital.com.br\/index.php?rest_route=%2Fwp%2Fv2%2Ftags&post=89705"}],"curies":[{"name":"wp","href":"https:\/\/api.w.org\/{rel}","templated":true}]}}