{"id":89703,"date":"2018-01-16T19:28:04","date_gmt":"2018-01-16T21:28:04","guid":{"rendered":"http:\/\/diarioregionaljf.com.br\/2018\/01\/16\/principio-de-incendio-paralisa-producao-em-plataforma-do-pre-sal\/"},"modified":"2018-01-16T19:28:04","modified_gmt":"2018-01-16T21:28:04","slug":"principio-de-incendio-paralisa-producao-em-plataforma-do-pre-sal","status":"publish","type":"post","link":"https:\/\/diarioregionaldigital.com.br\/?p=89703","title":{"rendered":"Princ\u00edpio de inc\u00eandio paralisa produ\u00e7\u00e3o em plataforma do pr\u00e9-sal"},"content":{"rendered":"<p>A produ\u00e7\u00e3o de petr\u00f3leo e g\u00e1s natural no Navio-Plataforma FPSO Cidade de Maric\u00e1, na Bacia de Santos, foi paralisada hoje, 16, ap\u00f3s o registro de um princ\u00edpio de inc\u00eandio na sala de transformadores da unidade. O incidente foi contido minutos depois.<\/p>\n<p>Conforme consta de comunicado publicado pela Petrobras, a emerg\u00eancia foi identificada \u00e0s 4h38 e contida \u00e0s 4h55, pelo pr\u00f3prio equipamento de combate a inc\u00eandio do local.&nbsp;O texto diz ainda que n\u00e3o houve danos \u00e0s pessoas embarcadas, ou ao meio ambiente, e que a produ\u00e7\u00e3o na plataforma ser\u00e1 retomada assim que testes de seguran\u00e7a forem realizados.&nbsp;A estatal \u00e9 a operadora do navio-plataforma e tem participa\u00e7\u00e3o de 65% no cons\u00f3rcio, que re\u00fane tamb\u00e9m a Shell (25%) e a Petrogal (10%). A unidade opera na \u00e1rea de Lula Alto, no Campo de Lula, o mais produtivo do pa\u00eds.<\/p>\n<p>Uma comiss\u00e3o foi formada para investigar as causas do acidente, e as autoridades competentes foram avisadas.<\/p>\n<hr \/>\n<p>&nbsp;Fonte: Ag\u00eancia Brasil<\/p>\n","protected":false},"excerpt":{"rendered":"<p>A produ\u00e7\u00e3o de petr\u00f3leo e g\u00e1s natural no Navio-Plataforma FPSO Cidade de Maric\u00e1, na Bacia de Santos, foi paralisada hoje, 16, ap\u00f3s o registro de um princ\u00edpio de inc\u00eandio na sala de transformadores da unidade. O incidente foi contido minutos depois. Conforme consta de comunicado publicado pela Petrobras, a emerg\u00eancia foi identificada \u00e0s 4h38 e [&hellip;]<\/p>\n","protected":false},"author":96,"featured_media":89702,"comment_status":"closed","ping_status":"closed","sticky":false,"template":"","format":"standard","meta":{"footnotes":""},"categories":[261],"tags":[],"class_list":["post-89703","post","type-post","status-publish","format-standard","has-post-thumbnail","hentry","category-economia"],"_links":{"self":[{"href":"https:\/\/diarioregionaldigital.com.br\/index.php?rest_route=\/wp\/v2\/posts\/89703","targetHints":{"allow":["GET"]}}],"collection":[{"href":"https:\/\/diarioregionaldigital.com.br\/index.php?rest_route=\/wp\/v2\/posts"}],"about":[{"href":"https:\/\/diarioregionaldigital.com.br\/index.php?rest_route=\/wp\/v2\/types\/post"}],"author":[{"embeddable":true,"href":"https:\/\/diarioregionaldigital.com.br\/index.php?rest_route=\/wp\/v2\/users\/96"}],"replies":[{"embeddable":true,"href":"https:\/\/diarioregionaldigital.com.br\/index.php?rest_route=%2Fwp%2Fv2%2Fcomments&post=89703"}],"version-history":[{"count":0,"href":"https:\/\/diarioregionaldigital.com.br\/index.php?rest_route=\/wp\/v2\/posts\/89703\/revisions"}],"wp:featuredmedia":[{"embeddable":true,"href":"https:\/\/diarioregionaldigital.com.br\/index.php?rest_route=\/wp\/v2\/media\/89702"}],"wp:attachment":[{"href":"https:\/\/diarioregionaldigital.com.br\/index.php?rest_route=%2Fwp%2Fv2%2Fmedia&parent=89703"}],"wp:term":[{"taxonomy":"category","embeddable":true,"href":"https:\/\/diarioregionaldigital.com.br\/index.php?rest_route=%2Fwp%2Fv2%2Fcategories&post=89703"},{"taxonomy":"post_tag","embeddable":true,"href":"https:\/\/diarioregionaldigital.com.br\/index.php?rest_route=%2Fwp%2Fv2%2Ftags&post=89703"}],"curies":[{"name":"wp","href":"https:\/\/api.w.org\/{rel}","templated":true}]}}