{"id":89701,"date":"2018-01-16T19:26:14","date_gmt":"2018-01-16T21:26:14","guid":{"rendered":"http:\/\/diarioregionaljf.com.br\/2018\/01\/16\/iniciativa-torna-crime-acumulacao-de-beneficios-sociais\/"},"modified":"2018-01-16T19:26:14","modified_gmt":"2018-01-16T21:26:14","slug":"iniciativa-torna-crime-acumulacao-de-beneficios-sociais","status":"publish","type":"post","link":"https:\/\/diarioregionaldigital.com.br\/?p=89701","title":{"rendered":"Iniciativa torna crime acumula\u00e7\u00e3o de benef\u00edcios sociais"},"content":{"rendered":"<p>Est\u00e1 em an\u00e1lise na C\u00e2mara dos Deputados o Projeto de Lei 6937\/17, da deputada Renata Abreu (PTN-SP), que criminaliza o ac\u00famulo do seguro-desemprego com o Benef\u00edcio da Presta\u00e7\u00e3o Continuada (BPC) e o aux\u00edlio desemprego.<\/p>\n<p>Pelo texto, a pena ser\u00e1 de reclus\u00e3o, de dois a sete anos, e multa.<\/p>\n<p>A legisla\u00e7\u00e3o atual j\u00e1 determina que o trabalhador n\u00e3o tem direito ao seguro desemprego, se receber esses dois benef\u00edcios. Hoje, isso \u00e9 considerado pelo C\u00f3digo Penal crime de estelionato contra a administra\u00e7\u00e3o p\u00fablica. Mas a autora prop\u00f5e que a conduta receba tipifica\u00e7\u00e3o penal pr\u00f3pria.<\/p>\n<p>Segundo Renata Abreu, o projeto tamb\u00e9m tem o objetivo de evitar que o novo empregador deixe de registrar o trabalhador para que este receba o seguro-desemprego a que tem direito em raz\u00e3o de demiss\u00e3o sem justa causa do emprego anterior.<\/p>\n<p>\u201cAl\u00e9m de n\u00e3o efetivar o registro do empregado, o empregador deixa de arcar com suas obriga\u00e7\u00f5es trabalhistas, previdenci\u00e1rias e tribut\u00e1rias, e outros custos e benef\u00edcios, at\u00e9 o fim do recebimento do seguro-desemprego\u201d, complementa a parlamentar.<\/p>\n<p>&nbsp;<\/p>\n<h4>TRAMITA\u00c7\u00c3O<\/h4>\n<p>A proposta ser\u00e1 analisada nas comiss\u00f5es de Trabalho, de Administra\u00e7\u00e3o e Servi\u00e7o P\u00fablico; e de Constitui\u00e7\u00e3o e Justi\u00e7a e de Cidadania, antes de seguir para o Plen\u00e1rio.<\/p>\n<p>Fonte: Ag\u00eancia Brasil<\/p>\n","protected":false},"excerpt":{"rendered":"<p>Est\u00e1 em an\u00e1lise na C\u00e2mara dos Deputados o Projeto de Lei 6937\/17, da deputada Renata Abreu (PTN-SP), que criminaliza o ac\u00famulo do seguro-desemprego com o Benef\u00edcio da Presta\u00e7\u00e3o Continuada (BPC) e o aux\u00edlio desemprego. Pelo texto, a pena ser\u00e1 de reclus\u00e3o, de dois a sete anos, e multa. A legisla\u00e7\u00e3o atual j\u00e1 determina que o [&hellip;]<\/p>\n","protected":false},"author":96,"featured_media":89700,"comment_status":"closed","ping_status":"closed","sticky":false,"template":"","format":"standard","meta":{"footnotes":""},"categories":[254],"tags":[],"class_list":["post-89701","post","type-post","status-publish","format-standard","has-post-thumbnail","hentry","category-politica"],"_links":{"self":[{"href":"https:\/\/diarioregionaldigital.com.br\/index.php?rest_route=\/wp\/v2\/posts\/89701","targetHints":{"allow":["GET"]}}],"collection":[{"href":"https:\/\/diarioregionaldigital.com.br\/index.php?rest_route=\/wp\/v2\/posts"}],"about":[{"href":"https:\/\/diarioregionaldigital.com.br\/index.php?rest_route=\/wp\/v2\/types\/post"}],"author":[{"embeddable":true,"href":"https:\/\/diarioregionaldigital.com.br\/index.php?rest_route=\/wp\/v2\/users\/96"}],"replies":[{"embeddable":true,"href":"https:\/\/diarioregionaldigital.com.br\/index.php?rest_route=%2Fwp%2Fv2%2Fcomments&post=89701"}],"version-history":[{"count":0,"href":"https:\/\/diarioregionaldigital.com.br\/index.php?rest_route=\/wp\/v2\/posts\/89701\/revisions"}],"wp:featuredmedia":[{"embeddable":true,"href":"https:\/\/diarioregionaldigital.com.br\/index.php?rest_route=\/wp\/v2\/media\/89700"}],"wp:attachment":[{"href":"https:\/\/diarioregionaldigital.com.br\/index.php?rest_route=%2Fwp%2Fv2%2Fmedia&parent=89701"}],"wp:term":[{"taxonomy":"category","embeddable":true,"href":"https:\/\/diarioregionaldigital.com.br\/index.php?rest_route=%2Fwp%2Fv2%2Fcategories&post=89701"},{"taxonomy":"post_tag","embeddable":true,"href":"https:\/\/diarioregionaldigital.com.br\/index.php?rest_route=%2Fwp%2Fv2%2Ftags&post=89701"}],"curies":[{"name":"wp","href":"https:\/\/api.w.org\/{rel}","templated":true}]}}