{"id":89697,"date":"2018-01-16T19:21:12","date_gmt":"2018-01-16T21:21:12","guid":{"rendered":"http:\/\/diarioregionaljf.com.br\/2018\/01\/16\/comissao-de-urbanismo-atende-solicitacao-dos-representantes-do-consorcio-manchester\/"},"modified":"2018-01-16T19:21:12","modified_gmt":"2018-01-16T21:21:12","slug":"comissao-de-urbanismo-atende-solicitacao-dos-representantes-do-consorcio-manchester","status":"publish","type":"post","link":"https:\/\/diarioregionaldigital.com.br\/?p=89697","title":{"rendered":"Comiss\u00e3o de Urbanismo atende solicita\u00e7\u00e3o dos representantes do Cons\u00f3rcio Manchester"},"content":{"rendered":"<p>A Comiss\u00e3o de Urbanismo, Transporte, Tr\u00e2nsito, Meio Ambiente e Acessibilidade, representada pelos vereadores Z\u00e9 M\u00e1rcio (PV) e J\u00falio Obama Jr. (PHS), se reuniu nessa ter\u00e7a-feira, 16, com representa\u00e7\u00f5es do Cons\u00f3rcio Manchester, que administra uma das \u00e1reas de atua\u00e7\u00e3o do transporte coletivo urbano de Juiz de Fora. Atualmente o transporte coletivo da cidade conta com dois cons\u00f3rcios denominados Manchester e Via JF, que operam em tr\u00eas \u00e1reas definidas pela Prefeitura de Juiz de Fora (PJF).<\/p>\n<p>A reuni\u00e3o teve como pauta a solicita\u00e7\u00e3o dos representantes do Cons\u00f3rcio Manchester em apresentar para a PJF, por meio da Comiss\u00e3o de Urbanismo, um estudo realizado por eles, no qual apontam um desequil\u00edbrio financeiro entres os cons\u00f3rcios que administram o transporte coletivo da cidade.<\/p>\n<p>Os representantes afirmaram nesta reuni\u00e3o que o cons\u00f3rcio segue os termos previstos no contrato firmado entre os cons\u00f3rcios e a PJF e mesmo assim vem sofrendo preju\u00edzos com este desequil\u00edbrio entre os cons\u00f3rcios. Eles tamb\u00e9m afirmaram que a Prefeitura tem o papel de mediar o equil\u00edbrio econ\u00f4mico do Sistema de Transporte entre os cons\u00f3rcios e n\u00e3o vem cumprindo com este papel. Por isso, recorreram \u00e0 Comiss\u00e3o na tentativa de intermediar esta solicita\u00e7\u00e3o da apresenta\u00e7\u00e3o deste estudo econ\u00f4mico para buscar o equil\u00edbrio financeiro entre os cons\u00f3rcios.<\/p>\n<p>Presidente da Comiss\u00e3o, o vereador Z\u00e9 M\u00e1rcio (PV) explicou quais medidas a comiss\u00e3o ir\u00e1 tomar ap\u00f3s a reuni\u00e3o. &#8220;N\u00f3s recebemos a solicita\u00e7\u00e3o do Cons\u00f3rcio Manchester para que n\u00f3s da comiss\u00e3o os receb\u00eassemos para tratar da apresenta\u00e7\u00e3o de documentos para que possamos auxili\u00e1-los junto \u00e0 Prefeitura visando o equil\u00edbrio financeiro previsto em contrato entres os dois cons\u00f3rcios que operam na cidade. Ap\u00f3s este encontro, n\u00f3s iremos encaminhar o estudo que nos foi apresentado para o Executivo e para a Settra, que \u00e9 a secretaria respons\u00e1vel pelo transporte coletivo, solicitando uma manifesta\u00e7\u00e3o sobre esta quest\u00e3o que nos foi apresentada. A comiss\u00e3o ir\u00e1 seguir defendendo o interesse p\u00fablico para que n\u00e3o haja qualquer tipo de problema no sistema que opera o transporte coletivo em Juiz de Fora. Esperamos que a comiss\u00e3o possa ajudar a resolver esta situa\u00e7\u00e3o da melhor maneira poss\u00edvel.&#8221;<\/p>\n<p>Fonte: Assessoria<\/p>\n","protected":false},"excerpt":{"rendered":"<p>A Comiss\u00e3o de Urbanismo, Transporte, Tr\u00e2nsito, Meio Ambiente e Acessibilidade, representada pelos vereadores Z\u00e9 M\u00e1rcio (PV) e J\u00falio Obama Jr. (PHS), se reuniu nessa ter\u00e7a-feira, 16, com representa\u00e7\u00f5es do Cons\u00f3rcio Manchester, que administra uma das \u00e1reas de atua\u00e7\u00e3o do transporte coletivo urbano de Juiz de Fora. Atualmente o transporte coletivo da cidade conta com dois [&hellip;]<\/p>\n","protected":false},"author":96,"featured_media":89696,"comment_status":"closed","ping_status":"closed","sticky":false,"template":"","format":"standard","meta":{"footnotes":""},"categories":[254],"tags":[],"class_list":["post-89697","post","type-post","status-publish","format-standard","has-post-thumbnail","hentry","category-politica"],"_links":{"self":[{"href":"https:\/\/diarioregionaldigital.com.br\/index.php?rest_route=\/wp\/v2\/posts\/89697","targetHints":{"allow":["GET"]}}],"collection":[{"href":"https:\/\/diarioregionaldigital.com.br\/index.php?rest_route=\/wp\/v2\/posts"}],"about":[{"href":"https:\/\/diarioregionaldigital.com.br\/index.php?rest_route=\/wp\/v2\/types\/post"}],"author":[{"embeddable":true,"href":"https:\/\/diarioregionaldigital.com.br\/index.php?rest_route=\/wp\/v2\/users\/96"}],"replies":[{"embeddable":true,"href":"https:\/\/diarioregionaldigital.com.br\/index.php?rest_route=%2Fwp%2Fv2%2Fcomments&post=89697"}],"version-history":[{"count":0,"href":"https:\/\/diarioregionaldigital.com.br\/index.php?rest_route=\/wp\/v2\/posts\/89697\/revisions"}],"wp:featuredmedia":[{"embeddable":true,"href":"https:\/\/diarioregionaldigital.com.br\/index.php?rest_route=\/wp\/v2\/media\/89696"}],"wp:attachment":[{"href":"https:\/\/diarioregionaldigital.com.br\/index.php?rest_route=%2Fwp%2Fv2%2Fmedia&parent=89697"}],"wp:term":[{"taxonomy":"category","embeddable":true,"href":"https:\/\/diarioregionaldigital.com.br\/index.php?rest_route=%2Fwp%2Fv2%2Fcategories&post=89697"},{"taxonomy":"post_tag","embeddable":true,"href":"https:\/\/diarioregionaldigital.com.br\/index.php?rest_route=%2Fwp%2Fv2%2Ftags&post=89697"}],"curies":[{"name":"wp","href":"https:\/\/api.w.org\/{rel}","templated":true}]}}