{"id":89691,"date":"2018-01-16T19:13:46","date_gmt":"2018-01-16T21:13:46","guid":{"rendered":"http:\/\/diarioregionaljf.com.br\/2018\/01\/16\/anac-autoriza-reajuste-de-tarifas-de-aeroportos-da-infraero\/"},"modified":"2018-01-16T19:13:46","modified_gmt":"2018-01-16T21:13:46","slug":"anac-autoriza-reajuste-de-tarifas-de-aeroportos-da-infraero","status":"publish","type":"post","link":"https:\/\/diarioregionaldigital.com.br\/?p=89691","title":{"rendered":"Anac autoriza reajuste de tarifas de aeroportos da Infraero"},"content":{"rendered":"<p>A Ag\u00eancia Nacional de Avia\u00e7\u00e3o Civil (Anac) autorizou hoje, 16, o aumento de 4,5833% nas tarifas aeroportu\u00e1rias dos terminais administrados pela Empresa Brasileira de Infraestrutura Aeroportu\u00e1ria (Infraero). Os valores recaem sobre as tarifas de embarque, conex\u00e3o, pouso e perman\u00eancia.<\/p>\n<p>Com o reajuste, a tarifa m\u00e1xima de embarque dom\u00e9stico a ser paga pelos passageiros passar\u00e1 de R$29,90 para R$31,27. J\u00e1 a tarifa m\u00e1xima de embarque internacional de R$115,64 para R$ 118,06. A ag\u00eancia autorizou ainda o reajuste nos tetos das tarifas de armazenagem e capatazia de cargas de 2,94%. Os novos valores passar\u00e3o a valer em 30 dias.<\/p>\n<p>&#8220;O reajuste foi aplicado sobre os tetos estabelecidos pela Portaria n\u00ba 169\/SRA, de 17 de janeiro de 2017, considerando a infla\u00e7\u00e3o acumulada entre dezembro de 2016 e dezembro de 2017, medida pela varia\u00e7\u00e3o do IPCA \u2013 \u00cdndice de Pre\u00e7os ao Consumidor Amplo do IBGE observada no per\u00edodo&#8221;, informa a ag\u00eancia em comunicado.<\/p>\n<p>A Anac tamb\u00e9m anunciou que passar\u00e1, a partir desta ter\u00e7a-feira, 16, a divulgar o ranking com as manifesta\u00e7\u00f5es dos usu\u00e1rios do transporte a\u00e9reo.<\/p>\n<p>Os dados, coletados a partir de janeiro de 2017 s\u00e3o apresentados por empresa a\u00e9rea e podem ser consultados por meio da plataforma (www.consumidor.gov.br). Segundo a ag\u00eancia, mais de 12 mil demandas de usu\u00e1rios do transporte a\u00e9reo foram respondidas em 2017.<\/p>\n<p>&#8220;Na apura\u00e7\u00e3o divulgada hoje est\u00e3o a quantidade de reclama\u00e7\u00f5es registradas; o prazo m\u00e9dio de resposta pela empresa; o \u00edndice de solu\u00e7\u00e3o das demandas conforme a avalia\u00e7\u00e3o dos consumidores; e o \u00edndice de satisfa\u00e7\u00e3o dos consumidores com o atendimento prestado pelas empresas na plataforma&#8221;, informou a Anac.<\/p>\n<hr \/>\n<p>&nbsp;Fonte: Ag\u00eancia Brasil<\/p>\n","protected":false},"excerpt":{"rendered":"<p>A Ag\u00eancia Nacional de Avia\u00e7\u00e3o Civil (Anac) autorizou hoje, 16, o aumento de 4,5833% nas tarifas aeroportu\u00e1rias dos terminais administrados pela Empresa Brasileira de Infraestrutura Aeroportu\u00e1ria (Infraero). Os valores recaem sobre as tarifas de embarque, conex\u00e3o, pouso e perman\u00eancia. Com o reajuste, a tarifa m\u00e1xima de embarque dom\u00e9stico a ser paga pelos passageiros passar\u00e1 de [&hellip;]<\/p>\n","protected":false},"author":96,"featured_media":89690,"comment_status":"closed","ping_status":"closed","sticky":false,"template":"","format":"standard","meta":{"footnotes":""},"categories":[261],"tags":[],"class_list":["post-89691","post","type-post","status-publish","format-standard","has-post-thumbnail","hentry","category-economia"],"_links":{"self":[{"href":"https:\/\/diarioregionaldigital.com.br\/index.php?rest_route=\/wp\/v2\/posts\/89691","targetHints":{"allow":["GET"]}}],"collection":[{"href":"https:\/\/diarioregionaldigital.com.br\/index.php?rest_route=\/wp\/v2\/posts"}],"about":[{"href":"https:\/\/diarioregionaldigital.com.br\/index.php?rest_route=\/wp\/v2\/types\/post"}],"author":[{"embeddable":true,"href":"https:\/\/diarioregionaldigital.com.br\/index.php?rest_route=\/wp\/v2\/users\/96"}],"replies":[{"embeddable":true,"href":"https:\/\/diarioregionaldigital.com.br\/index.php?rest_route=%2Fwp%2Fv2%2Fcomments&post=89691"}],"version-history":[{"count":0,"href":"https:\/\/diarioregionaldigital.com.br\/index.php?rest_route=\/wp\/v2\/posts\/89691\/revisions"}],"wp:featuredmedia":[{"embeddable":true,"href":"https:\/\/diarioregionaldigital.com.br\/index.php?rest_route=\/wp\/v2\/media\/89690"}],"wp:attachment":[{"href":"https:\/\/diarioregionaldigital.com.br\/index.php?rest_route=%2Fwp%2Fv2%2Fmedia&parent=89691"}],"wp:term":[{"taxonomy":"category","embeddable":true,"href":"https:\/\/diarioregionaldigital.com.br\/index.php?rest_route=%2Fwp%2Fv2%2Fcategories&post=89691"},{"taxonomy":"post_tag","embeddable":true,"href":"https:\/\/diarioregionaldigital.com.br\/index.php?rest_route=%2Fwp%2Fv2%2Ftags&post=89691"}],"curies":[{"name":"wp","href":"https:\/\/api.w.org\/{rel}","templated":true}]}}