{"id":89689,"date":"2018-01-16T19:11:35","date_gmt":"2018-01-16T21:11:35","guid":{"rendered":"http:\/\/diarioregionaljf.com.br\/2018\/01\/16\/rei-arthur\/"},"modified":"2018-01-16T19:11:35","modified_gmt":"2018-01-16T21:11:35","slug":"rei-arthur","status":"publish","type":"post","link":"https:\/\/diarioregionaldigital.com.br\/?p=89689","title":{"rendered":"Rei Arthur"},"content":{"rendered":"<p style=\"text-align: center;\"><span class=\"h4\">Ziriguidum<\/span><br \/>Vai chover confete e serpentina no dia 26 de janeiro em Juiz de Fora. \u00c0 convite do Presidente da C\u00e2mara Municipal de Juiz de Fora, as candidatas ao t\u00edtulo de Rainha dos Blocos Carnavalescos de JF, ir\u00e3o se apresentar na Escadaria do Samba, com participa\u00e7\u00e3o da Banda Realce, Grupo Segredo, Bateria dos Mestres de LIESJUF A partir das 15h.<\/p>\n<p style=\"text-align: center;\"><span class=\"h4\">Em Alta<\/span><br \/>Jovem, bonita e antenada, a advogada Debora Giotti viu publicado no Jota um artigo de sua autoria que fala sobre os obst\u00e1culos culturais \u00e1 serem enfrentados para a efetiva incorpora\u00e7\u00e3o dos m\u00e9todos consensuais na cultura jur\u00eddica brasileira.<\/p>\n<p style=\"text-align: center;\"><span class=\"h3\">Rei Arthur<\/span><br \/>Usando como cen\u00e1rio a quadra da Escola de Samba Juventude Imperial, o bonito casal Regina Ferreira e Leonardo Chillis receberam amigos e familiares para almo\u00e7o e ch\u00e1 de beb\u00ea para a chegada do filho Arthur. Servi\u00e7o de Buffet de M\u00e1rcia Esteves, linda decora\u00e7\u00e3o em azul e branco de Carlos Barbosa e Camila Rodrigues. O tom musical com puro samba foi dos grupos La\u00e7os de Amizade e Sambatruck. As fotos de Marc\u00edlio Gomes registram.<\/p>\n<p style=\"text-align: center;\"><img decoding=\"async\" class=\" size-full wp-image-89675\" src=\"http:\/\/diarioregionaljf.com.br\/wp-content\/uploads\/2018\/01\/diario-int-23149-1.JPG\" alt=\"fotoa.JPG\" width=\"680\" style=\"display: block; margin-left: auto; margin-right: auto;\" srcset=\"https:\/\/diarioregionaldigital.com.br\/wp-content\/uploads\/2018\/01\/diario-int-23149-1.JPG 680w, https:\/\/diarioregionaldigital.com.br\/wp-content\/uploads\/2018\/01\/diario-int-23149-1-300x199.jpg 300w, https:\/\/diarioregionaldigital.com.br\/wp-content\/uploads\/2018\/01\/diario-int-23149-1-360x238.jpg 360w\" sizes=\"(max-width: 680px) 100vw, 680px\" \/>Carlos Alberto Ferreira, Ivanir Ferreira, Eduardo Gomes, Regina Ferreira e Leonardo Chillis<\/p>\n<p style=\"text-align: center;\"><img decoding=\"async\" class=\" size-full wp-image-89676\" src=\"http:\/\/diarioregionaljf.com.br\/wp-content\/uploads\/2018\/01\/diario-int-23149-2.JPG\" alt=\"fotob.JPG\" width=\"680\" style=\"display: block; margin-left: auto; margin-right: auto;\" srcset=\"https:\/\/diarioregionaldigital.com.br\/wp-content\/uploads\/2018\/01\/diario-int-23149-2.JPG 680w, https:\/\/diarioregionaldigital.com.br\/wp-content\/uploads\/2018\/01\/diario-int-23149-2-300x199.jpg 300w, https:\/\/diarioregionaldigital.com.br\/wp-content\/uploads\/2018\/01\/diario-int-23149-2-360x238.jpg 360w\" sizes=\"(max-width: 680px) 100vw, 680px\" \/>Carlos Alberto Ferreira, La\u00eds Oliveira, Ladimar Oliveira e Geraldo Elizi\u00e1rio<\/p>\n<p style=\"text-align: center;\"><img decoding=\"async\" class=\" size-full wp-image-89677\" src=\"http:\/\/diarioregionaljf.com.br\/wp-content\/uploads\/2018\/01\/diario-int-23149-3.JPG\" alt=\"fotoc.JPG\" width=\"680\" style=\"display: block; margin-left: auto; margin-right: auto;\" srcset=\"https:\/\/diarioregionaldigital.com.br\/wp-content\/uploads\/2018\/01\/diario-int-23149-3.JPG 680w, https:\/\/diarioregionaldigital.com.br\/wp-content\/uploads\/2018\/01\/diario-int-23149-3-300x199.jpg 300w, https:\/\/diarioregionaldigital.com.br\/wp-content\/uploads\/2018\/01\/diario-int-23149-3-360x238.jpg 360w\" sizes=\"(max-width: 680px) 100vw, 680px\" \/>Liliane Gonzaga, Regina Ferreira, Leonardo Chillis e Elaine Gonzaga<\/p>\n<p style=\"text-align: center;\"><img decoding=\"async\" class=\" size-full wp-image-89678\" src=\"http:\/\/diarioregionaljf.com.br\/wp-content\/uploads\/2018\/01\/diario-int-23149-4.JPG\" alt=\"fotod.JPG\" width=\"680\" style=\"display: block; margin-left: auto; margin-right: auto;\" srcset=\"https:\/\/diarioregionaldigital.com.br\/wp-content\/uploads\/2018\/01\/diario-int-23149-4.JPG 680w, https:\/\/diarioregionaldigital.com.br\/wp-content\/uploads\/2018\/01\/diario-int-23149-4-300x199.jpg 300w, https:\/\/diarioregionaldigital.com.br\/wp-content\/uploads\/2018\/01\/diario-int-23149-4-360x238.jpg 360w\" sizes=\"(max-width: 680px) 100vw, 680px\" \/>Vera Donato, M\u00e1rcio Moraes e Rosimar Donato<\/p>\n<p style=\"text-align: center;\"><img decoding=\"async\" class=\" size-full wp-image-89679\" src=\"http:\/\/diarioregionaljf.com.br\/wp-content\/uploads\/2018\/01\/diario-int-23149-5.JPG\" alt=\"fotoe.JPG\" width=\"680\" style=\"display: block; margin-left: auto; margin-right: auto;\" srcset=\"https:\/\/diarioregionaldigital.com.br\/wp-content\/uploads\/2018\/01\/diario-int-23149-5.JPG 680w, https:\/\/diarioregionaldigital.com.br\/wp-content\/uploads\/2018\/01\/diario-int-23149-5-300x199.jpg 300w, https:\/\/diarioregionaldigital.com.br\/wp-content\/uploads\/2018\/01\/diario-int-23149-5-360x238.jpg 360w\" sizes=\"(max-width: 680px) 100vw, 680px\" \/>V\u00e2nia Borato, Regina Ferreira, S\u00e9rgio Ferreira e Leandro Braz<\/p>\n<p style=\"text-align: center;\"><img decoding=\"async\" class=\" size-full wp-image-89680\" src=\"http:\/\/diarioregionaljf.com.br\/wp-content\/uploads\/2018\/01\/diario-int-23149-6.JPG\" alt=\"fotof.JPG\" width=\"680\" style=\"display: block; margin-left: auto; margin-right: auto;\" srcset=\"https:\/\/diarioregionaldigital.com.br\/wp-content\/uploads\/2018\/01\/diario-int-23149-6.JPG 680w, https:\/\/diarioregionaldigital.com.br\/wp-content\/uploads\/2018\/01\/diario-int-23149-6-300x199.jpg 300w, https:\/\/diarioregionaldigital.com.br\/wp-content\/uploads\/2018\/01\/diario-int-23149-6-360x238.jpg 360w\" sizes=\"(max-width: 680px) 100vw, 680px\" \/>CA, Regina Ferreira, Luana Domingues e Leonardo Chillis<\/p>\n<p style=\"text-align: center;\"><img decoding=\"async\" class=\" size-full wp-image-89681\" src=\"http:\/\/diarioregionaljf.com.br\/wp-content\/uploads\/2018\/01\/diario-int-23149-7.JPG\" alt=\"fotog.JPG\" width=\"680\" style=\"display: block; margin-left: auto; margin-right: auto;\" srcset=\"https:\/\/diarioregionaldigital.com.br\/wp-content\/uploads\/2018\/01\/diario-int-23149-7.JPG 680w, https:\/\/diarioregionaldigital.com.br\/wp-content\/uploads\/2018\/01\/diario-int-23149-7-300x199.jpg 300w, https:\/\/diarioregionaldigital.com.br\/wp-content\/uploads\/2018\/01\/diario-int-23149-7-360x238.jpg 360w\" sizes=\"(max-width: 680px) 100vw, 680px\" \/>Nelson Resende, Carlos Alberto Ferreira, Carlos Guedes e Z\u00e9 Kodak<\/p>\n<p style=\"text-align: center;\"><img decoding=\"async\" class=\" size-full wp-image-89682\" src=\"http:\/\/diarioregionaljf.com.br\/wp-content\/uploads\/2018\/01\/diario-int-23149-8.JPG\" alt=\"fotoh.JPG\" width=\"680\" style=\"display: block; margin-left: auto; margin-right: auto;\" srcset=\"https:\/\/diarioregionaldigital.com.br\/wp-content\/uploads\/2018\/01\/diario-int-23149-8.JPG 680w, https:\/\/diarioregionaldigital.com.br\/wp-content\/uploads\/2018\/01\/diario-int-23149-8-300x199.jpg 300w, https:\/\/diarioregionaldigital.com.br\/wp-content\/uploads\/2018\/01\/diario-int-23149-8-360x238.jpg 360w\" sizes=\"(max-width: 680px) 100vw, 680px\" \/>Nelson Resende, Maria Nogueira, Regina Ferreira, Leonardo Chillis e William Chopinho<\/p>\n<p style=\"text-align: center;\"><img decoding=\"async\" class=\" size-full wp-image-89683\" src=\"http:\/\/diarioregionaljf.com.br\/wp-content\/uploads\/2018\/01\/diario-int-23149-9.JPG\" alt=\"fotoi.JPG\" width=\"680\" style=\"display: block; margin-left: auto; margin-right: auto;\" srcset=\"https:\/\/diarioregionaldigital.com.br\/wp-content\/uploads\/2018\/01\/diario-int-23149-9.JPG 680w, https:\/\/diarioregionaldigital.com.br\/wp-content\/uploads\/2018\/01\/diario-int-23149-9-300x199.jpg 300w, https:\/\/diarioregionaldigital.com.br\/wp-content\/uploads\/2018\/01\/diario-int-23149-9-360x238.jpg 360w\" sizes=\"(max-width: 680px) 100vw, 680px\" \/>Leonardo Chillis, Lu Chaves, Regina Ferreira<\/p>\n<p style=\"text-align: center;\"><img decoding=\"async\" class=\" size-full wp-image-89684\" src=\"http:\/\/diarioregionaljf.com.br\/wp-content\/uploads\/2018\/01\/diario-int-23149-10.JPG\" alt=\"fotoj.JPG\" width=\"680\" style=\"display: block; margin-left: auto; margin-right: auto;\" srcset=\"https:\/\/diarioregionaldigital.com.br\/wp-content\/uploads\/2018\/01\/diario-int-23149-10.JPG 680w, https:\/\/diarioregionaldigital.com.br\/wp-content\/uploads\/2018\/01\/diario-int-23149-10-300x199.jpg 300w, https:\/\/diarioregionaldigital.com.br\/wp-content\/uploads\/2018\/01\/diario-int-23149-10-360x238.jpg 360w\" sizes=\"(max-width: 680px) 100vw, 680px\" \/>Cris Loures, Carlos Barbosa, Regina Ferreira e Fabiano Garcia<\/p>\n<p style=\"text-align: center;\"><img decoding=\"async\" class=\" size-full wp-image-89685\" src=\"http:\/\/diarioregionaljf.com.br\/wp-content\/uploads\/2018\/01\/diario-int-23149-11.JPG\" alt=\"fotol.JPG\" width=\"680\" style=\"display: block; margin-left: auto; margin-right: auto;\" srcset=\"https:\/\/diarioregionaldigital.com.br\/wp-content\/uploads\/2018\/01\/diario-int-23149-11.JPG 680w, https:\/\/diarioregionaldigital.com.br\/wp-content\/uploads\/2018\/01\/diario-int-23149-11-300x199.jpg 300w, https:\/\/diarioregionaldigital.com.br\/wp-content\/uploads\/2018\/01\/diario-int-23149-11-360x238.jpg 360w\" sizes=\"(max-width: 680px) 100vw, 680px\" \/>Mestre Jansen, Leonardo Chillis, Regina Ferreira, Beto Souza<\/p>\n<p style=\"text-align: center;\"><img decoding=\"async\" class=\" size-full wp-image-89686\" src=\"http:\/\/diarioregionaljf.com.br\/wp-content\/uploads\/2018\/01\/diario-int-23149-12.JPG\" alt=\"fotom.JPG\" width=\"680\" style=\"display: block; margin-left: auto; margin-right: auto;\" srcset=\"https:\/\/diarioregionaldigital.com.br\/wp-content\/uploads\/2018\/01\/diario-int-23149-12.JPG 680w, https:\/\/diarioregionaldigital.com.br\/wp-content\/uploads\/2018\/01\/diario-int-23149-12-300x199.jpg 300w, https:\/\/diarioregionaldigital.com.br\/wp-content\/uploads\/2018\/01\/diario-int-23149-12-360x238.jpg 360w\" sizes=\"(max-width: 680px) 100vw, 680px\" \/>CA, Dani Verpel, Erika Beire e Eduardo Gomes<\/p>\n<p style=\"text-align: center;\"><img decoding=\"async\" class=\" size-full wp-image-89687\" src=\"http:\/\/diarioregionaljf.com.br\/wp-content\/uploads\/2018\/01\/diario-int-23149-13.JPG\" alt=\"foton.JPG\" width=\"680\" style=\"display: block; margin-left: auto; margin-right: auto;\" srcset=\"https:\/\/diarioregionaldigital.com.br\/wp-content\/uploads\/2018\/01\/diario-int-23149-13.JPG 680w, https:\/\/diarioregionaldigital.com.br\/wp-content\/uploads\/2018\/01\/diario-int-23149-13-300x199.jpg 300w, https:\/\/diarioregionaldigital.com.br\/wp-content\/uploads\/2018\/01\/diario-int-23149-13-360x238.jpg 360w\" sizes=\"(max-width: 680px) 100vw, 680px\" \/>As poderosos p\u00e9rolas negras, Regininha Ferreira e sua m\u00e3e Ivanir Ferreira<\/p>\n<p style=\"text-align: center;\"><img decoding=\"async\" class=\" size-full wp-image-89688\" src=\"http:\/\/diarioregionaljf.com.br\/wp-content\/uploads\/2018\/01\/diario-int-23149-14.jpg\" alt=\"fotoo.jpg\" width=\"680\" style=\"display: block; margin-left: auto; margin-right: auto;\" srcset=\"https:\/\/diarioregionaldigital.com.br\/wp-content\/uploads\/2018\/01\/diario-int-23149-14.jpg 680w, https:\/\/diarioregionaldigital.com.br\/wp-content\/uploads\/2018\/01\/diario-int-23149-14-300x180.jpg 300w, https:\/\/diarioregionaldigital.com.br\/wp-content\/uploads\/2018\/01\/diario-int-23149-14-360x216.jpg 360w\" sizes=\"(max-width: 680px) 100vw, 680px\" \/>Sandra Guedes, Eduardo Gomes, Vanda Malta e Vania Borato<\/p>\n<p class=\"h4\" style=\"text-align: center;\">FOTOSS\u00cdNTESE<\/p>\n<p>Em estilo requinte total, ser\u00e1 inaugurada nesta 4\u00aa feira, \u00e0s 20hs, no Spazio Desing, a bonita loja de m\u00f3veis italianos Natuzzi Editions. Recebendo os arquitetos e convidados, o elegante casal Marcelo e Russa Goyat\u00e1. Cobertura deste colunista para o programa Espa\u00e7o Aberto da TVE. Canal 12.<\/p>\n<p>Curiosidade: Juiz de Fora \u00e9 a quarta cidade mineira com maior n\u00famero de formaliza\u00e7\u00f5es em Minas Gerais, com 25.384 Microempresas individuais (MEIS), em 2017.<\/p>\n<p>Localizada em Benfica, a Pra\u00e7a Jeremias Garcia ganhou um \u2018parc\u00e3o\u2019. O espa\u00e7o \u00e9 adequado para quem deseja passear com seu animal de estima\u00e7\u00e3o.<\/p>\n<p>Aten\u00e7\u00e3o: o resultado do Enem sair\u00e1 no dia 18 de janeiro. Os estudantes poder\u00e3o consultar os resultados individuais na P\u00e1gina do Participante, na internet.<\/p>\n<p>O saudoso Paulo Roberto Bassoli, dar\u00e1 nome \u00e0 quadra de areia da Pra\u00e7a CEU.<\/p>\n<p>O calend\u00e1rio da Funalfa que era distribu\u00eddo gratuitamente, este ano ser\u00e1 vendido. A receita ajudar\u00e1 a complementar projetos de acessibilidade do Teatro Paschoal Carlos Magno. As fotos de Bruno Meneghitti, destacam detalhes da arquitetura de pr\u00e9dios de Juiz de Fora.<\/p>\n<p>O Teatro Solar recebe no dia 20 de janeiro, as 21h, o Stand-UP Butecom\u00e9dia. Em cena, um show que aborda o futebol e sua rela\u00e7\u00e3o com nossas vidas.<\/p>\n<p>As empres\u00e1rias Nayane e Nyara Neto (leia-se By Candy), reuniram familiares e foram curtir o jantar da Assunta.<\/p>\n<p>No dia 20 de janeiro, \u00e0s 20h, o Privil\u00e9ge recebe uma edi\u00e7\u00e3o especial no 2\u00ba piso, da festa FunHouse.<\/p>\n<p>Erika Beire vai levar grupo animado para o ensaio geral da Mangueira, no s\u00e1bado, 20, no Rio de Janeiro.<\/p>\n<p>Agendado para o dia 03 de fevereiro, \u00e0s 15h, o Baile do Come Quieto, no Terrazzo.<\/p>\n<p>Para desinfetar: Se n\u00e3o ilumina. Elimina! Bom dia.<\/p>\n","protected":false},"excerpt":{"rendered":"<p>ZiriguidumVai chover confete e serpentina no dia 26 de janeiro em Juiz de Fora. \u00c0 convite do Presidente da C\u00e2mara Municipal de Juiz de Fora, as candidatas ao t\u00edtulo de Rainha dos Blocos Carnavalescos de JF, ir\u00e3o se apresentar na Escadaria do Samba, com participa\u00e7\u00e3o da Banda Realce, Grupo Segredo, Bateria dos Mestres de LIESJUF [&hellip;]<\/p>\n","protected":false},"author":96,"featured_media":89674,"comment_status":"closed","ping_status":"closed","sticky":false,"template":"","format":"standard","meta":{"footnotes":""},"categories":[264],"tags":[],"class_list":["post-89689","post","type-post","status-publish","format-standard","has-post-thumbnail","hentry","category-eduardo-gomes"],"_links":{"self":[{"href":"https:\/\/diarioregionaldigital.com.br\/index.php?rest_route=\/wp\/v2\/posts\/89689","targetHints":{"allow":["GET"]}}],"collection":[{"href":"https:\/\/diarioregionaldigital.com.br\/index.php?rest_route=\/wp\/v2\/posts"}],"about":[{"href":"https:\/\/diarioregionaldigital.com.br\/index.php?rest_route=\/wp\/v2\/types\/post"}],"author":[{"embeddable":true,"href":"https:\/\/diarioregionaldigital.com.br\/index.php?rest_route=\/wp\/v2\/users\/96"}],"replies":[{"embeddable":true,"href":"https:\/\/diarioregionaldigital.com.br\/index.php?rest_route=%2Fwp%2Fv2%2Fcomments&post=89689"}],"version-history":[{"count":0,"href":"https:\/\/diarioregionaldigital.com.br\/index.php?rest_route=\/wp\/v2\/posts\/89689\/revisions"}],"wp:featuredmedia":[{"embeddable":true,"href":"https:\/\/diarioregionaldigital.com.br\/index.php?rest_route=\/wp\/v2\/media\/89674"}],"wp:attachment":[{"href":"https:\/\/diarioregionaldigital.com.br\/index.php?rest_route=%2Fwp%2Fv2%2Fmedia&parent=89689"}],"wp:term":[{"taxonomy":"category","embeddable":true,"href":"https:\/\/diarioregionaldigital.com.br\/index.php?rest_route=%2Fwp%2Fv2%2Fcategories&post=89689"},{"taxonomy":"post_tag","embeddable":true,"href":"https:\/\/diarioregionaldigital.com.br\/index.php?rest_route=%2Fwp%2Fv2%2Ftags&post=89689"}],"curies":[{"name":"wp","href":"https:\/\/api.w.org\/{rel}","templated":true}]}}