{"id":89671,"date":"2018-01-16T18:59:16","date_gmt":"2018-01-16T20:59:16","guid":{"rendered":"http:\/\/diarioregionaljf.com.br\/2018\/01\/16\/pistola-encontrada-em-apartamento-no-rio-e-de-promotor-morto\/"},"modified":"2018-01-16T18:59:16","modified_gmt":"2018-01-16T20:59:16","slug":"pistola-encontrada-em-apartamento-no-rio-e-de-promotor-morto","status":"publish","type":"post","link":"https:\/\/diarioregionaldigital.com.br\/?p=89671","title":{"rendered":"Pistola encontrada em apartamento no Rio \u00e9 de promotor morto"},"content":{"rendered":"<p>A Delegacia de Homic\u00eddios da Capital confirmou nessa ter\u00e7a-feira, 16, que era do promotor Marcus Vin\u00edcius de Moraes a pistola autom\u00e1tica encontrada ao lado do corpo dele, no Rio. Os corpos de Moraes e da companheira dele, Luciana Alves de Melo, foram encontrados nessa ter\u00e7a no apartamento do casal, na Barra da Tijuca, com marcas de tiro. Eles trabalhavam no Minist\u00e9rio P\u00fablico do Rio de Janeiro.<\/p>\n<p>Ao chegar hoje cedo para trabalhar, a empregada do casal encontrou os corpos das v\u00edtimas ca\u00eddos na sala. Moradores contaram \u00e0 pol\u00edcia que ouviram barulhos de tiro no condom\u00ednio no \u00faltimo domingo, 14.<\/p>\n<p>Segundo informa\u00e7\u00f5es da pol\u00edcia especializada, a porta do apartamento estava trancada, e os agentes n\u00e3o encontraram sinais de arrombamento.<\/p>\n<p>A pol\u00edcia t\u00e9cnica investiga v\u00e1rias hip\u00f3teses para o crime, embora as caracter\u00edsticas encontradas no local apontem para homic\u00eddio, seguido de suic\u00eddio.<\/p>\n<p>Fonte: Ag\u00eancia Brasil<\/p>\n","protected":false},"excerpt":{"rendered":"<p>A Delegacia de Homic\u00eddios da Capital confirmou nessa ter\u00e7a-feira, 16, que era do promotor Marcus Vin\u00edcius de Moraes a pistola autom\u00e1tica encontrada ao lado do corpo dele, no Rio. Os corpos de Moraes e da companheira dele, Luciana Alves de Melo, foram encontrados nessa ter\u00e7a no apartamento do casal, na Barra da Tijuca, com marcas [&hellip;]<\/p>\n","protected":false},"author":96,"featured_media":89670,"comment_status":"closed","ping_status":"closed","sticky":false,"template":"","format":"standard","meta":{"footnotes":""},"categories":[302],"tags":[],"class_list":["post-89671","post","type-post","status-publish","format-standard","has-post-thumbnail","hentry","category-brasil-mundo"],"_links":{"self":[{"href":"https:\/\/diarioregionaldigital.com.br\/index.php?rest_route=\/wp\/v2\/posts\/89671","targetHints":{"allow":["GET"]}}],"collection":[{"href":"https:\/\/diarioregionaldigital.com.br\/index.php?rest_route=\/wp\/v2\/posts"}],"about":[{"href":"https:\/\/diarioregionaldigital.com.br\/index.php?rest_route=\/wp\/v2\/types\/post"}],"author":[{"embeddable":true,"href":"https:\/\/diarioregionaldigital.com.br\/index.php?rest_route=\/wp\/v2\/users\/96"}],"replies":[{"embeddable":true,"href":"https:\/\/diarioregionaldigital.com.br\/index.php?rest_route=%2Fwp%2Fv2%2Fcomments&post=89671"}],"version-history":[{"count":0,"href":"https:\/\/diarioregionaldigital.com.br\/index.php?rest_route=\/wp\/v2\/posts\/89671\/revisions"}],"wp:featuredmedia":[{"embeddable":true,"href":"https:\/\/diarioregionaldigital.com.br\/index.php?rest_route=\/wp\/v2\/media\/89670"}],"wp:attachment":[{"href":"https:\/\/diarioregionaldigital.com.br\/index.php?rest_route=%2Fwp%2Fv2%2Fmedia&parent=89671"}],"wp:term":[{"taxonomy":"category","embeddable":true,"href":"https:\/\/diarioregionaldigital.com.br\/index.php?rest_route=%2Fwp%2Fv2%2Fcategories&post=89671"},{"taxonomy":"post_tag","embeddable":true,"href":"https:\/\/diarioregionaldigital.com.br\/index.php?rest_route=%2Fwp%2Fv2%2Ftags&post=89671"}],"curies":[{"name":"wp","href":"https:\/\/api.w.org\/{rel}","templated":true}]}}