{"id":89669,"date":"2018-01-16T18:55:27","date_gmt":"2018-01-16T20:55:27","guid":{"rendered":"http:\/\/diarioregionaljf.com.br\/2018\/01\/16\/ceara-concentrou-73-dos-casos-suspeitos-de-chikungunya-no-brasil-em-2017\/"},"modified":"2018-01-16T18:55:27","modified_gmt":"2018-01-16T20:55:27","slug":"ceara-concentrou-73-dos-casos-suspeitos-de-chikungunya-no-brasil-em-2017","status":"publish","type":"post","link":"https:\/\/diarioregionaldigital.com.br\/?p=89669","title":{"rendered":"Cear\u00e1 concentrou 73% dos casos suspeitos de chikungunya no Brasil em 2017"},"content":{"rendered":"<p>Com quase 100 mil casos, o n\u00famero de pessoas que tiveram febre chikungunya durante o ano de 2017 no Cear\u00e1 foi mais que o triplo do apresentado em 2016, quando foram confirmados 31.482 casos. Considerando todos os casos suspeitos notificados (136.273), o estado respondeu por 73% dos registros de todo o Brasil \u2013 185.605 casos prov\u00e1veis, segundo o Minist\u00e9rio da Sa\u00fade.<\/p>\n<p>De acordo com a t\u00e9cnica do N\u00facleo de Controle de Vetores da Secretaria da Sa\u00fade do Cear\u00e1 (Sesa), Ricristhi Gon\u00e7alves, o pico foi causado pela suscetibilidade da popula\u00e7\u00e3o \u00e0 nova doen\u00e7a, que come\u00e7ou a aparecer no estado no final de 2015, aliado \u00e0 prolifera\u00e7\u00e3o do mosquito Aedes aegypti. Dos 99.984 casos confirmados, 162 resultaram em \u00f3bito.<\/p>\n<p>No ano passado, a secretaria implantou medidas para combater os focos do Aedes aegypti, transmissor da chikungunya e tamb\u00e9m da dengue e do v\u00edrus Zika. No per\u00edodo, foi liberado incentivo financeiro de R$10 milh\u00f5es para ser distribu\u00eddo entre os munic\u00edpios que apresentassem bons indicadores, com cobertura de visita domiciliar por agentes de sa\u00fade e endemias, cria\u00e7\u00e3o de comit\u00eas municipais e a realiza\u00e7\u00e3o do Levantamento R\u00e1pido de \u00cdndice para Aedes aegypti (LIRAa).<\/p>\n<p>\u201cTentamos criar um ambiente desfavor\u00e1vel para o mosquito. Conseguimos uma boa ades\u00e3o das cidades. Hoje, n\u00e3o h\u00e1 nenhum munic\u00edpio que n\u00e3o tenha atingido 80% de cobertura de visita domiciliar. Esperamos ter resultados na transmiss\u00e3o das doen\u00e7as e, especialmente, a redu\u00e7\u00e3o dos casos de chikungunya.\u201d<\/p>\n<h4>&nbsp;<\/h4>\n<h4>CAPITAL<\/h4>\n<p>Do total de casos confirmados de chikungunya no Cear\u00e1, mais da metade (57.435) foram registrados em Fortaleza. Como forma de enfrentar os desafios impostos pelas doen\u00e7as transmitidas pelo Aedes aegypti, a lei 9.835, de 2011, que criou normas para evitar a propaga\u00e7\u00e3o da dengue na cidade, foi atualizada para deixar mais claras as responsabilidades da administra\u00e7\u00e3o municipal e da popula\u00e7\u00e3o.<\/p>\n<p>O gerente da Vigil\u00e2ncia Ambiental de Fortaleza, N\u00e9lio Morais, explicou que a atualiza\u00e7\u00e3o da lei deixou mais claros os procedimentos para autua\u00e7\u00e3o de moradores que n\u00e3o combatem focos do mosquito e para a garantia do acesso dos agentes de sa\u00fade e endemias nas propriedades.<\/p>\n<p>\u201cA inten\u00e7\u00e3o n\u00e3o \u00e9 partir para a multa pela multa, mas educar e fazer com que todos os pares assumam um compromisso. A chikungunya chegou e pegou toda uma popula\u00e7\u00e3o suscet\u00edvel. N\u00e3o vencemos nem a dengue ainda, ent\u00e3o \u00e9 preciso trabalhar a responsabiliza\u00e7\u00e3o tanto do poder p\u00fablico como da sociedade.\u201d<\/p>\n<p>O \u00faltimo levantamento feito em Fortaleza, em outubro, mostrou um \u00edndice de infesta\u00e7\u00e3o de 0,63%. Apesar do bom resultado, Morais explica que o dado n\u00e3o tem o car\u00e1ter de prever como ser\u00e1 a transmiss\u00e3o das doen\u00e7as, sobretudo por ter sido realizada em um per\u00edodo sem chuvas. Novo balan\u00e7o ser\u00e1 feito no fim deste m\u00eas, per\u00edodo em que a cidade j\u00e1 registra precipita\u00e7\u00f5es da pr\u00e9-esta\u00e7\u00e3o chuvosa e que cria ambiente favor\u00e1vel para a prolifera\u00e7\u00e3o do Aedes aegypti.<\/p>\n<p>Fonte: Ag\u00eancia Brasil<\/p>\n","protected":false},"excerpt":{"rendered":"<p>Com quase 100 mil casos, o n\u00famero de pessoas que tiveram febre chikungunya durante o ano de 2017 no Cear\u00e1 foi mais que o triplo do apresentado em 2016, quando foram confirmados 31.482 casos. Considerando todos os casos suspeitos notificados (136.273), o estado respondeu por 73% dos registros de todo o Brasil \u2013 185.605 casos [&hellip;]<\/p>\n","protected":false},"author":96,"featured_media":89668,"comment_status":"closed","ping_status":"closed","sticky":false,"template":"","format":"standard","meta":{"footnotes":""},"categories":[302],"tags":[],"class_list":["post-89669","post","type-post","status-publish","format-standard","has-post-thumbnail","hentry","category-brasil-mundo"],"_links":{"self":[{"href":"https:\/\/diarioregionaldigital.com.br\/index.php?rest_route=\/wp\/v2\/posts\/89669","targetHints":{"allow":["GET"]}}],"collection":[{"href":"https:\/\/diarioregionaldigital.com.br\/index.php?rest_route=\/wp\/v2\/posts"}],"about":[{"href":"https:\/\/diarioregionaldigital.com.br\/index.php?rest_route=\/wp\/v2\/types\/post"}],"author":[{"embeddable":true,"href":"https:\/\/diarioregionaldigital.com.br\/index.php?rest_route=\/wp\/v2\/users\/96"}],"replies":[{"embeddable":true,"href":"https:\/\/diarioregionaldigital.com.br\/index.php?rest_route=%2Fwp%2Fv2%2Fcomments&post=89669"}],"version-history":[{"count":0,"href":"https:\/\/diarioregionaldigital.com.br\/index.php?rest_route=\/wp\/v2\/posts\/89669\/revisions"}],"wp:featuredmedia":[{"embeddable":true,"href":"https:\/\/diarioregionaldigital.com.br\/index.php?rest_route=\/wp\/v2\/media\/89668"}],"wp:attachment":[{"href":"https:\/\/diarioregionaldigital.com.br\/index.php?rest_route=%2Fwp%2Fv2%2Fmedia&parent=89669"}],"wp:term":[{"taxonomy":"category","embeddable":true,"href":"https:\/\/diarioregionaldigital.com.br\/index.php?rest_route=%2Fwp%2Fv2%2Fcategories&post=89669"},{"taxonomy":"post_tag","embeddable":true,"href":"https:\/\/diarioregionaldigital.com.br\/index.php?rest_route=%2Fwp%2Fv2%2Ftags&post=89669"}],"curies":[{"name":"wp","href":"https:\/\/api.w.org\/{rel}","templated":true}]}}