{"id":89663,"date":"2018-01-16T18:20:22","date_gmt":"2018-01-16T20:20:22","guid":{"rendered":"http:\/\/diarioregionaljf.com.br\/2018\/01\/16\/fhemig-abre-processos-seletivos-para-cargos-de-nivel-tecnico\/"},"modified":"2018-01-16T18:20:22","modified_gmt":"2018-01-16T20:20:22","slug":"fhemig-abre-processos-seletivos-para-cargos-de-nivel-tecnico","status":"publish","type":"post","link":"https:\/\/diarioregionaldigital.com.br\/?p=89663","title":{"rendered":"Fhemig abre processos seletivos para cargos de n\u00edvel t\u00e9cnico"},"content":{"rendered":"<p>A Funda\u00e7\u00e3o Hospitalar do Estado de Minas Gerais (Fhemig) est\u00e1 com inscri\u00e7\u00f5es abertas para dois processos seletivos p\u00fablicos simplificados. Para o Centro Hospitalar Psiqui\u00e1trico de Barbacena (CHPB), as vagas s\u00e3o para as fun\u00e7\u00f5es de t\u00e9cnico de farm\u00e1cia e t\u00e9cnico de enfermagem, e as inscri\u00e7\u00f5es tiveram in\u00edcio nesta ter\u00e7a-feira, 16, e se encerram \u00e0s 17h do dia 22 de janeiro de 2018 (hor\u00e1rio de Bras\u00edlia).<\/p>\n<p>J\u00e1 para o Hospital J\u00falia Kubitschek (HJK), em Belo Horizonte, as inscri\u00e7\u00f5es encontram-se em aberto desde o dia 16 de setembro de 2017 e se encerram \u00e0s 17h do dia 22 de janeiro de 2018 (hor\u00e1rio de Bras\u00edlia). As vagas s\u00e3o para profissionais na fun\u00e7\u00e3o de t\u00e9cnico de enfermagem.<br \/>Mais informa\u00e7\u00f5es e inscri\u00e7\u00f5es no <a href=\"http:\/\/www.fhemig.mg.gov.br\/\" target=\"_blank\" rel=\"noopener noreferrer\">site da Funda\u00e7\u00e3o<\/a>.<\/p>\n<p>&nbsp;<\/p>\n<p>Fonte: Assessoria<\/p>\n","protected":false},"excerpt":{"rendered":"<p>A Funda\u00e7\u00e3o Hospitalar do Estado de Minas Gerais (Fhemig) est\u00e1 com inscri\u00e7\u00f5es abertas para dois processos seletivos p\u00fablicos simplificados. Para o Centro Hospitalar Psiqui\u00e1trico de Barbacena (CHPB), as vagas s\u00e3o para as fun\u00e7\u00f5es de t\u00e9cnico de farm\u00e1cia e t\u00e9cnico de enfermagem, e as inscri\u00e7\u00f5es tiveram in\u00edcio nesta ter\u00e7a-feira, 16, e se encerram \u00e0s 17h do [&hellip;]<\/p>\n","protected":false},"author":96,"featured_media":89662,"comment_status":"closed","ping_status":"closed","sticky":false,"template":"","format":"standard","meta":{"footnotes":""},"categories":[280],"tags":[],"class_list":["post-89663","post","type-post","status-publish","format-standard","has-post-thumbnail","hentry","category-concurso"],"_links":{"self":[{"href":"https:\/\/diarioregionaldigital.com.br\/index.php?rest_route=\/wp\/v2\/posts\/89663","targetHints":{"allow":["GET"]}}],"collection":[{"href":"https:\/\/diarioregionaldigital.com.br\/index.php?rest_route=\/wp\/v2\/posts"}],"about":[{"href":"https:\/\/diarioregionaldigital.com.br\/index.php?rest_route=\/wp\/v2\/types\/post"}],"author":[{"embeddable":true,"href":"https:\/\/diarioregionaldigital.com.br\/index.php?rest_route=\/wp\/v2\/users\/96"}],"replies":[{"embeddable":true,"href":"https:\/\/diarioregionaldigital.com.br\/index.php?rest_route=%2Fwp%2Fv2%2Fcomments&post=89663"}],"version-history":[{"count":0,"href":"https:\/\/diarioregionaldigital.com.br\/index.php?rest_route=\/wp\/v2\/posts\/89663\/revisions"}],"wp:featuredmedia":[{"embeddable":true,"href":"https:\/\/diarioregionaldigital.com.br\/index.php?rest_route=\/wp\/v2\/media\/89662"}],"wp:attachment":[{"href":"https:\/\/diarioregionaldigital.com.br\/index.php?rest_route=%2Fwp%2Fv2%2Fmedia&parent=89663"}],"wp:term":[{"taxonomy":"category","embeddable":true,"href":"https:\/\/diarioregionaldigital.com.br\/index.php?rest_route=%2Fwp%2Fv2%2Fcategories&post=89663"},{"taxonomy":"post_tag","embeddable":true,"href":"https:\/\/diarioregionaldigital.com.br\/index.php?rest_route=%2Fwp%2Fv2%2Ftags&post=89663"}],"curies":[{"name":"wp","href":"https:\/\/api.w.org\/{rel}","templated":true}]}}