{"id":89659,"date":"2018-01-16T18:12:21","date_gmt":"2018-01-16T20:12:21","guid":{"rendered":"http:\/\/diarioregionaljf.com.br\/2018\/01\/16\/campea-olimpica-no-rio-em-2016-denuncia-medico-por-abuso-sexual\/"},"modified":"2018-01-16T18:12:21","modified_gmt":"2018-01-16T20:12:21","slug":"campea-olimpica-no-rio-em-2016-denuncia-medico-por-abuso-sexual","status":"publish","type":"post","link":"https:\/\/diarioregionaldigital.com.br\/?p=89659","title":{"rendered":"Campe\u00e3 ol\u00edmpica no Rio em 2016 denuncia m\u00e9dico por abuso sexual"},"content":{"rendered":"<p>A campe\u00e3 ol\u00edmpica Simone Biles publicou carta nas redes sociais contando ter sido abusada sexualmente pelo ex-m\u00e9dico da sele\u00e7\u00e3o norte-americana de gin\u00e1stica, Larry Nassar. Na carta, publicada no Twitter nessa segunda-feira, 15, a esportista diz que \u00e9 &#8220;uma sobrevivente&#8221; e que foi muito dif\u00edcil contar sua hist\u00f3ria.<\/p>\n<p>Biles tem 20 anos, j\u00e1 ganhou dez campeonatos mundiais de gin\u00e1stica, conquistou quatro medalhas de ouro e uma de bronze nos Jogos Ol\u00edmpicos do Rio de Janeiro, em 2016, e faz parte do time de gin\u00e1stica dos Estados Unidos, com o maior n\u00famero de medalhas conquistadas em uma \u00fanica olimp\u00edada.<\/p>\n<p>A atleta aderiu \u00e0 campanha #metoo (eu tamb\u00e9m, em portugu\u00eas), iniciada nas redes sociais em outubro do ano passado, por artistas de Hollywood, ap\u00f3s a revela\u00e7\u00e3o de casos de abuso e ass\u00e9dio sexual contra o produtor Harvey Weinstein.<\/p>\n<p>Outras ginastas da sele\u00e7\u00e3o norte-americana, como Gabby Douglas, Aly Raisman e Mckayla Maroney tamb\u00e9m contaram que foram abusadas pelo m\u00e9dico, acusado de explorar sexualmente as adolescentes, sob pretexto de tratamento m\u00e9dico.<\/p>\n<p>O advogado de Nassar disse que ele ainda n\u00e3o comentou as \u00faltimas den\u00fancias. O ex-m\u00e9dico da sele\u00e7\u00e3o de gin\u00e1stica dos Estados Unidos foi condenado no ano passado a 60 anos de pris\u00e3o por acusa\u00e7\u00f5es de pornografia infantil.<\/p>\n<p>Nesta semana ele enfrenta novo julgamento no Michigan e pode pegar pris\u00e3o perp\u00e9tua pelas acusa\u00e7\u00f5es de abuso contra as atletas.<\/p>\n<p>Fonte: Ag\u00eancia Brasil<\/p>\n","protected":false},"excerpt":{"rendered":"<p>A campe\u00e3 ol\u00edmpica Simone Biles publicou carta nas redes sociais contando ter sido abusada sexualmente pelo ex-m\u00e9dico da sele\u00e7\u00e3o norte-americana de gin\u00e1stica, Larry Nassar. Na carta, publicada no Twitter nessa segunda-feira, 15, a esportista diz que \u00e9 &#8220;uma sobrevivente&#8221; e que foi muito dif\u00edcil contar sua hist\u00f3ria. Biles tem 20 anos, j\u00e1 ganhou dez campeonatos [&hellip;]<\/p>\n","protected":false},"author":96,"featured_media":89658,"comment_status":"closed","ping_status":"closed","sticky":false,"template":"","format":"standard","meta":{"footnotes":""},"categories":[302],"tags":[],"class_list":["post-89659","post","type-post","status-publish","format-standard","has-post-thumbnail","hentry","category-brasil-mundo"],"_links":{"self":[{"href":"https:\/\/diarioregionaldigital.com.br\/index.php?rest_route=\/wp\/v2\/posts\/89659","targetHints":{"allow":["GET"]}}],"collection":[{"href":"https:\/\/diarioregionaldigital.com.br\/index.php?rest_route=\/wp\/v2\/posts"}],"about":[{"href":"https:\/\/diarioregionaldigital.com.br\/index.php?rest_route=\/wp\/v2\/types\/post"}],"author":[{"embeddable":true,"href":"https:\/\/diarioregionaldigital.com.br\/index.php?rest_route=\/wp\/v2\/users\/96"}],"replies":[{"embeddable":true,"href":"https:\/\/diarioregionaldigital.com.br\/index.php?rest_route=%2Fwp%2Fv2%2Fcomments&post=89659"}],"version-history":[{"count":0,"href":"https:\/\/diarioregionaldigital.com.br\/index.php?rest_route=\/wp\/v2\/posts\/89659\/revisions"}],"wp:featuredmedia":[{"embeddable":true,"href":"https:\/\/diarioregionaldigital.com.br\/index.php?rest_route=\/wp\/v2\/media\/89658"}],"wp:attachment":[{"href":"https:\/\/diarioregionaldigital.com.br\/index.php?rest_route=%2Fwp%2Fv2%2Fmedia&parent=89659"}],"wp:term":[{"taxonomy":"category","embeddable":true,"href":"https:\/\/diarioregionaldigital.com.br\/index.php?rest_route=%2Fwp%2Fv2%2Fcategories&post=89659"},{"taxonomy":"post_tag","embeddable":true,"href":"https:\/\/diarioregionaldigital.com.br\/index.php?rest_route=%2Fwp%2Fv2%2Ftags&post=89659"}],"curies":[{"name":"wp","href":"https:\/\/api.w.org\/{rel}","templated":true}]}}