{"id":89657,"date":"2018-01-16T18:01:05","date_gmt":"2018-01-16T20:01:05","guid":{"rendered":"http:\/\/diarioregionaljf.com.br\/2018\/01\/16\/pjf-intensifica-vacinacao-para-atingir-meta-de-95\/"},"modified":"2018-01-16T18:01:05","modified_gmt":"2018-01-16T20:01:05","slug":"pjf-intensifica-vacinacao-para-atingir-meta-de-95","status":"publish","type":"post","link":"https:\/\/diarioregionaldigital.com.br\/?p=89657","title":{"rendered":"PJF intensifica vacina\u00e7\u00e3o para atingir meta de 95%"},"content":{"rendered":"<p>ATUALIZADA \u00c0S 16H32, EM 16\/01\/2018<\/p>\n<p>Com o objetivo de ampliar a cobertura vacinal contra a febre amarela, a Secretaria de Sa\u00fade da Prefeitura de Juiz de Fora (PJF) ir\u00e1 adotar algumas a\u00e7\u00f5es a partir desta sexta-feira, 19. A primeira delas \u00e9 que as 63 Unidades B\u00e1sicas de Sa\u00fade da cidade ficar\u00e3o abertas durante o hor\u00e1rio de almo\u00e7o, das 11h \u00e0s 13h, exclusivamente para a aplica\u00e7\u00e3o das doses de vacina contra esta doen\u00e7a. Com isto, a SS espera ampliar a ades\u00e3o daqueles que t\u00eam o hor\u00e1rio como dificultador para a medida de preven\u00e7\u00e3o. O hor\u00e1rio especial ir\u00e1 funcionar at\u00e9 o dia 2 de fevereiro.<\/p>\n<p>\u00c9 importante lembrar que o hor\u00e1rio de quinta-feira, quando as UBS encerram as atividades assistenciais \u00e0s 15h, para realiza\u00e7\u00e3o de reuni\u00f5es internas, ser\u00e1 mantido.<\/p>\n<p>Outra medida adotada neste sentido \u00e9 a realiza\u00e7\u00e3o do s\u00e1bado especial de intensifica\u00e7\u00e3o vacinal contra a febre amarela, dia 20. Neste dia, 66 postos de vacina\u00e7\u00e3o estar\u00e3o abertos das 8h \u00e0s 17h aplicando exclusivamente as doses contra a febre amarela. Al\u00e9m das 63 UBS, os departamentos de Sa\u00fade da Crian\u00e7a e do Adolescentes e do Idoso far\u00e3o a vacina\u00e7\u00e3o. A novidade \u00e9 que o posto do PAM Marechal ser\u00e1 substitu\u00eddo pelo Espa\u00e7o Cidad\u00e3o, para melhor atender \u00e0 popula\u00e7\u00e3o.<\/p>\n<p>A orienta\u00e7\u00e3o \u00e9 de que os usu\u00e1rios cheguem nas unidades de sa\u00fade at\u00e9 as 15h, para garantir o atendimento com tranquilidade e o fechamento dos locais \u00e0s 17h.<\/p>\n<p>Podem se vacinar crian\u00e7as a partir dos nove meses e adultos at\u00e9 59 anos. Gr\u00e1vidas e idosos somente com avalia\u00e7\u00e3o e indica\u00e7\u00e3o m\u00e9dica. \u00c9 necess\u00e1rio levar apenas o cart\u00e3o de vacina e, caso o cidad\u00e3o n\u00e3o o tenha, o mesmo poder\u00e1 ser adquirido na pr\u00f3pria unidade de sa\u00fade com apresenta\u00e7\u00e3o do documento de identidade.<\/p>\n<p>A Secretaria de Sa\u00fade segue orienta\u00e7\u00e3o do Minist\u00e9rio da Sa\u00fade e da Organiza\u00e7\u00e3o Mundial de Sa\u00fade (OMS), que preconizam dose \u00fanica contra a febre amarela para garantir a prote\u00e7\u00e3o pela vida toda.<\/p>\n<h4>&nbsp;<\/h4>\n<h4>MINAS GERAIS J\u00c1 TEM 11 MORTES CONFIRMADAS PELA DOEN\u00c7A<\/h4>\n<p>Nessa segunda-feira, 15, foi confirmado, a partir de resultados laboratoriais liberados pela Funda\u00e7\u00e3o Ezequiel Dias (FUNED), um novo caso de febre amarela silvestre no estado de Minas Gerais. O caso aconteceu no munic\u00edpio de Goian\u00e1, na Regional de Sa\u00fade de Juiz de Fora, e teve evolu\u00e7\u00e3o para \u00f3bito.<\/p>\n<p>At\u00e9 o momento s\u00e3o 12 casos confirmados de febre amarela silvestre em Minas Gerais no per\u00edodo 2017\/2018, sendo que 11 evolu\u00edram para \u00f3bito. Outros 34 casos continuam em investiga\u00e7\u00e3o pela Secretaria de Estado de Sa\u00fade de Minas Gerais (SES-MG).<\/p>\n<p>&nbsp;<\/p>\n<p>Fontes: Assessoria PJF e Assessoria Secretaria Estadual de Sa\u00fade<\/p>\n","protected":false},"excerpt":{"rendered":"<p>ATUALIZADA \u00c0S 16H32, EM 16\/01\/2018 Com o objetivo de ampliar a cobertura vacinal contra a febre amarela, a Secretaria de Sa\u00fade da Prefeitura de Juiz de Fora (PJF) ir\u00e1 adotar algumas a\u00e7\u00f5es a partir desta sexta-feira, 19. A primeira delas \u00e9 que as 63 Unidades B\u00e1sicas de Sa\u00fade da cidade ficar\u00e3o abertas durante o hor\u00e1rio [&hellip;]<\/p>\n","protected":false},"author":96,"featured_media":89656,"comment_status":"closed","ping_status":"closed","sticky":false,"template":"","format":"standard","meta":{"footnotes":""},"categories":[253],"tags":[],"class_list":["post-89657","post","type-post","status-publish","format-standard","has-post-thumbnail","hentry","category-cidade"],"_links":{"self":[{"href":"https:\/\/diarioregionaldigital.com.br\/index.php?rest_route=\/wp\/v2\/posts\/89657","targetHints":{"allow":["GET"]}}],"collection":[{"href":"https:\/\/diarioregionaldigital.com.br\/index.php?rest_route=\/wp\/v2\/posts"}],"about":[{"href":"https:\/\/diarioregionaldigital.com.br\/index.php?rest_route=\/wp\/v2\/types\/post"}],"author":[{"embeddable":true,"href":"https:\/\/diarioregionaldigital.com.br\/index.php?rest_route=\/wp\/v2\/users\/96"}],"replies":[{"embeddable":true,"href":"https:\/\/diarioregionaldigital.com.br\/index.php?rest_route=%2Fwp%2Fv2%2Fcomments&post=89657"}],"version-history":[{"count":0,"href":"https:\/\/diarioregionaldigital.com.br\/index.php?rest_route=\/wp\/v2\/posts\/89657\/revisions"}],"wp:featuredmedia":[{"embeddable":true,"href":"https:\/\/diarioregionaldigital.com.br\/index.php?rest_route=\/wp\/v2\/media\/89656"}],"wp:attachment":[{"href":"https:\/\/diarioregionaldigital.com.br\/index.php?rest_route=%2Fwp%2Fv2%2Fmedia&parent=89657"}],"wp:term":[{"taxonomy":"category","embeddable":true,"href":"https:\/\/diarioregionaldigital.com.br\/index.php?rest_route=%2Fwp%2Fv2%2Fcategories&post=89657"},{"taxonomy":"post_tag","embeddable":true,"href":"https:\/\/diarioregionaldigital.com.br\/index.php?rest_route=%2Fwp%2Fv2%2Ftags&post=89657"}],"curies":[{"name":"wp","href":"https:\/\/api.w.org\/{rel}","templated":true}]}}