{"id":89655,"date":"2018-01-16T17:47:04","date_gmt":"2018-01-16T19:47:04","guid":{"rendered":"http:\/\/diarioregionaljf.com.br\/2018\/01\/16\/dupla-armada-assalta-duas-mulheres-no-salvaterra\/"},"modified":"2018-01-16T17:47:04","modified_gmt":"2018-01-16T19:47:04","slug":"dupla-armada-assalta-duas-mulheres-no-salvaterra","status":"publish","type":"post","link":"https:\/\/diarioregionaldigital.com.br\/?p=89655","title":{"rendered":"Dupla armada assalta duas mulheres no Salvaterra"},"content":{"rendered":"<p>Uma jovem de 20 anos e mulher de 32 foram assaltadas por dois indiv\u00edduos armados no bairro Salvaterra, zona Sul, na manh\u00e3 dessa segunda-feira, 15. Os roubos foram cometidos em sequ\u00eancia e as duas v\u00edtimas tiveram os celulares subtra\u00eddos.<\/p>\n<p>De acordo com a Pol\u00edcia Militar (PM), uma guarni\u00e7\u00e3o se deparou com a jovem durante patrulhamento pela Avenida Deusdedith Salgado e a mesma relatou que acabara de ser assaltada por dois indiv\u00edduos. De posse das caracter\u00edsticas dos suspeitos, os militares iniciaram rastreamento.<\/p>\n<p>Durante as buscas, a viatura policial foi empenhada para verificar um roubo ocorrido nas proximidades. Em contato com a segunda v\u00edtima, foi constatado que se tratava dos mesmos autores. A mulher relatou que seguia em dire\u00e7\u00e3o ao trabalho quando foi abordada pela dupla e um deles, exibindo uma arma, anunciou o assalto.<\/p>\n<p>O registro da ocorr\u00eancia n\u00e3o informa se os autores foram localizados.<\/p>\n","protected":false},"excerpt":{"rendered":"<p>Uma jovem de 20 anos e mulher de 32 foram assaltadas por dois indiv\u00edduos armados no bairro Salvaterra, zona Sul, na manh\u00e3 dessa segunda-feira, 15. Os roubos foram cometidos em sequ\u00eancia e as duas v\u00edtimas tiveram os celulares subtra\u00eddos. De acordo com a Pol\u00edcia Militar (PM), uma guarni\u00e7\u00e3o se deparou com a jovem durante patrulhamento [&hellip;]<\/p>\n","protected":false},"author":96,"featured_media":89654,"comment_status":"closed","ping_status":"closed","sticky":false,"template":"","format":"standard","meta":{"footnotes":""},"categories":[301],"tags":[],"class_list":["post-89655","post","type-post","status-publish","format-standard","has-post-thumbnail","hentry","category-artigos-policiais"],"_links":{"self":[{"href":"https:\/\/diarioregionaldigital.com.br\/index.php?rest_route=\/wp\/v2\/posts\/89655","targetHints":{"allow":["GET"]}}],"collection":[{"href":"https:\/\/diarioregionaldigital.com.br\/index.php?rest_route=\/wp\/v2\/posts"}],"about":[{"href":"https:\/\/diarioregionaldigital.com.br\/index.php?rest_route=\/wp\/v2\/types\/post"}],"author":[{"embeddable":true,"href":"https:\/\/diarioregionaldigital.com.br\/index.php?rest_route=\/wp\/v2\/users\/96"}],"replies":[{"embeddable":true,"href":"https:\/\/diarioregionaldigital.com.br\/index.php?rest_route=%2Fwp%2Fv2%2Fcomments&post=89655"}],"version-history":[{"count":0,"href":"https:\/\/diarioregionaldigital.com.br\/index.php?rest_route=\/wp\/v2\/posts\/89655\/revisions"}],"wp:featuredmedia":[{"embeddable":true,"href":"https:\/\/diarioregionaldigital.com.br\/index.php?rest_route=\/wp\/v2\/media\/89654"}],"wp:attachment":[{"href":"https:\/\/diarioregionaldigital.com.br\/index.php?rest_route=%2Fwp%2Fv2%2Fmedia&parent=89655"}],"wp:term":[{"taxonomy":"category","embeddable":true,"href":"https:\/\/diarioregionaldigital.com.br\/index.php?rest_route=%2Fwp%2Fv2%2Fcategories&post=89655"},{"taxonomy":"post_tag","embeddable":true,"href":"https:\/\/diarioregionaldigital.com.br\/index.php?rest_route=%2Fwp%2Fv2%2Ftags&post=89655"}],"curies":[{"name":"wp","href":"https:\/\/api.w.org\/{rel}","templated":true}]}}