{"id":89651,"date":"2018-01-16T17:19:38","date_gmt":"2018-01-16T19:19:38","guid":{"rendered":"http:\/\/diarioregionaljf.com.br\/2018\/01\/16\/usuarios-da-assistencia-social-sao-incentivados-a-participar-dos-conselhos-regionais\/"},"modified":"2018-01-16T17:19:38","modified_gmt":"2018-01-16T19:19:38","slug":"usuarios-da-assistencia-social-sao-incentivados-a-participar-dos-conselhos-regionais","status":"publish","type":"post","link":"https:\/\/diarioregionaldigital.com.br\/?p=89651","title":{"rendered":"Usu\u00e1rios da Assist\u00eancia Social s\u00e3o incentivados a participar dos Conselhos Regionais"},"content":{"rendered":"<p>Usu\u00e1rios da Assist\u00eancia Social podem sugerir diretrizes, acompanhar e fiscalizar a implanta\u00e7\u00e3o da pol\u00edtica de assist\u00eancia social em seus territ\u00f3rios. Para isso, o Conselho Municipal de Assist\u00eancia Social de Juiz de Fora (CMAS\/JF) est\u00e1 mobilizando as comunidades para o processo de escolha dos representantes dos Conselhos Regionais (Coreas) para o bi\u00eanio 2018-2020, que ser\u00e1 realizado no dia 19 de fevereiro. Os interessados podem se inscrever entre 29 de janeiro e 2 de fevereiro na Secretaria-Executiva do CMAS\/JF, localizada na Rua Halfeld, n\u00ba 450 \/ 7\u00ba andar &#8211; Centro.<\/p>\n<p>Juiz de Fora possui nove Coreas, de acordo com os territ\u00f3rios socioassistenciais existentes na cidade: Centro, Leste Linhares, Leste S\u00e3o Benedito, Norte Benfica, Nordeste Grama, Sudeste Olavo Costa, Sudeste Costa Carvalho, Sul Ipiranga e Oeste S\u00e3o Pedro. Cada Coreas, que tem car\u00e1ter consultivo, \u00e9 composto por cinco representantes titulares, sendo um titular governamental e quatro titulares da sociedade civil, com seus respectivos suplentes, distribu\u00eddos da seguinte forma: um representante de equipamentos p\u00fablicos (Centro de Refer\u00eancia de Assist\u00eancia Social\/Cras ou Centro de Refer\u00eancia Especializado em Assist\u00eancia Social\/Creas ou Centro Pop); um representante dos trabalhadores de organiza\u00e7\u00f5es da sociedade civil com atua\u00e7\u00e3o no territ\u00f3rio socioassistencial; tr\u00eas representantes da sociedade civil, pessoas f\u00edsicas, usu\u00e1rios da pol\u00edtica de assist\u00eancia social e\/ou usu\u00e1rios membros de organiza\u00e7\u00e3o de usu\u00e1rio.<\/p>\n<p>Para informa\u00e7\u00f5es sobre o processo de escolha dos conselheiros, \u00e9 preciso ficar atento \u00e0s especifica\u00e7\u00f5es do <a href=\"https:\/\/www.pjf.mg.gov.br\/conselhos\/cmas\/reunioes\/processo_escolha\/index.php\" target=\"_blank\" rel=\"noopener noreferrer\">regulamento<\/a>. Os interessados dever\u00e3o se habilitar na secretaria executiva do CMAS\/JF, das 8h30 \u00e0s 11h30 e das 14h30 \u00e0s 17h30, nos dias \u00fateis. O telefone do CMAS\/JF \u00e9 3690-7966.<\/p>\n<p>&nbsp;<\/p>\n<p>Fonte: Assessoria<\/p>\n","protected":false},"excerpt":{"rendered":"<p>Usu\u00e1rios da Assist\u00eancia Social podem sugerir diretrizes, acompanhar e fiscalizar a implanta\u00e7\u00e3o da pol\u00edtica de assist\u00eancia social em seus territ\u00f3rios. Para isso, o Conselho Municipal de Assist\u00eancia Social de Juiz de Fora (CMAS\/JF) est\u00e1 mobilizando as comunidades para o processo de escolha dos representantes dos Conselhos Regionais (Coreas) para o bi\u00eanio 2018-2020, que ser\u00e1 realizado [&hellip;]<\/p>\n","protected":false},"author":96,"featured_media":89650,"comment_status":"closed","ping_status":"closed","sticky":false,"template":"","format":"standard","meta":{"footnotes":""},"categories":[253],"tags":[],"class_list":["post-89651","post","type-post","status-publish","format-standard","has-post-thumbnail","hentry","category-cidade"],"_links":{"self":[{"href":"https:\/\/diarioregionaldigital.com.br\/index.php?rest_route=\/wp\/v2\/posts\/89651","targetHints":{"allow":["GET"]}}],"collection":[{"href":"https:\/\/diarioregionaldigital.com.br\/index.php?rest_route=\/wp\/v2\/posts"}],"about":[{"href":"https:\/\/diarioregionaldigital.com.br\/index.php?rest_route=\/wp\/v2\/types\/post"}],"author":[{"embeddable":true,"href":"https:\/\/diarioregionaldigital.com.br\/index.php?rest_route=\/wp\/v2\/users\/96"}],"replies":[{"embeddable":true,"href":"https:\/\/diarioregionaldigital.com.br\/index.php?rest_route=%2Fwp%2Fv2%2Fcomments&post=89651"}],"version-history":[{"count":0,"href":"https:\/\/diarioregionaldigital.com.br\/index.php?rest_route=\/wp\/v2\/posts\/89651\/revisions"}],"wp:featuredmedia":[{"embeddable":true,"href":"https:\/\/diarioregionaldigital.com.br\/index.php?rest_route=\/wp\/v2\/media\/89650"}],"wp:attachment":[{"href":"https:\/\/diarioregionaldigital.com.br\/index.php?rest_route=%2Fwp%2Fv2%2Fmedia&parent=89651"}],"wp:term":[{"taxonomy":"category","embeddable":true,"href":"https:\/\/diarioregionaldigital.com.br\/index.php?rest_route=%2Fwp%2Fv2%2Fcategories&post=89651"},{"taxonomy":"post_tag","embeddable":true,"href":"https:\/\/diarioregionaldigital.com.br\/index.php?rest_route=%2Fwp%2Fv2%2Ftags&post=89651"}],"curies":[{"name":"wp","href":"https:\/\/api.w.org\/{rel}","templated":true}]}}