{"id":89649,"date":"2018-01-16T15:14:21","date_gmt":"2018-01-16T17:14:21","guid":{"rendered":"http:\/\/diarioregionaljf.com.br\/2018\/01\/16\/justica-e-pm-realizam-reintegracao-de-posse-de-fazenda-ocupada-pelo-mst-em-coronel-pacheco\/"},"modified":"2018-01-16T15:14:21","modified_gmt":"2018-01-16T17:14:21","slug":"justica-e-pm-realizam-reintegracao-de-posse-de-fazenda-ocupada-pelo-mst-em-coronel-pacheco","status":"publish","type":"post","link":"https:\/\/diarioregionaldigital.com.br\/?p=89649","title":{"rendered":"Justi\u00e7a e PM realizam reintegra\u00e7\u00e3o de posse de fazenda ocupada pelo MST em Coronel Pacheco"},"content":{"rendered":"<p>Um grupo de oficiais da Justi\u00e7a, juntamente com refor\u00e7o da Pol\u00edcia Militar (PM), realizam desde a manh\u00e3 desta ter\u00e7a-feira, 15, uma reintegra\u00e7\u00e3o de posse na Fazenda S\u00e3o Jos\u00e9, ocupada pelo Movimento dos Trabalhadores Rurais Sem Terra (MST), na cidade de Coronel Pacheco, a aproximadamente 31 Km de dist\u00e2ncia de Juiz de Fora. A ocupa\u00e7\u00e3o vinha acontecendo desde 2017.<\/p>\n<p>As equipes chegaram ao local e j\u00e1 n\u00e3o encontraram membros do movimento na ocupa\u00e7\u00e3o. O propriet\u00e1rio do im\u00f3vel entrou com a\u00e7\u00e3o de reintegra\u00e7\u00e3o de posse na Vara Agr\u00e1ria localizada em Belo Horizonte, logo ap\u00f3s a ocupa\u00e7\u00e3o se iniciar. O Juiz deferiu o pedido do propriet\u00e1rio em setembro de 2017 e desde ent\u00e3o, as autoridades e o MST vinham discutindo e negociando a reintegra\u00e7\u00e3o de forma pac\u00edfica e ordenada, o que de fato ocorreu.<\/p>\n<p>O major da 4\u00aa Regi\u00e3o da Pol\u00edcia militar, Jov\u00e2nio Campos, refor\u00e7ou que \u201ca reintegra\u00e7\u00e3o envolve dois aspectos, um ligado aos movimentos sociais e outro sob a quest\u00e3o do direito a propriedade.\u201d Ele explicou que neste caso j\u00e1 havia uma a\u00e7\u00e3o judicial e que ao cumpri-la respeitou-se o estado democr\u00e1tico de direito.<\/p>\n<p>A posse foi reavida ao propriet\u00e1rio que decidiu para derrubada dos barracos e demais espa\u00e7os instalados pelos membros da ocupa\u00e7\u00e3o.<\/p>\n<p><img loading=\"lazy\" decoding=\"async\" class=\" size-full wp-image-89646\" src=\"http:\/\/diarioregionaljf.com.br\/wp-content\/uploads\/2018\/01\/diario-int-23136-1.jpg\" alt=\"reintegracaoms\" width=\"478\" height=\"316\" srcset=\"https:\/\/diarioregionaldigital.com.br\/wp-content\/uploads\/2018\/01\/diario-int-23136-1.jpg 680w, https:\/\/diarioregionaldigital.com.br\/wp-content\/uploads\/2018\/01\/diario-int-23136-1-300x199.jpg 300w, https:\/\/diarioregionaldigital.com.br\/wp-content\/uploads\/2018\/01\/diario-int-23136-1-360x238.jpg 360w\" sizes=\"auto, (max-width: 478px) 100vw, 478px\" \/><\/p>\n<p><img loading=\"lazy\" decoding=\"async\" class=\" size-full wp-image-89647\" src=\"http:\/\/diarioregionaljf.com.br\/wp-content\/uploads\/2018\/01\/diario-int-23136-2.jpg\" alt=\"reintegracaomst\" width=\"476\" height=\"315\" srcset=\"https:\/\/diarioregionaldigital.com.br\/wp-content\/uploads\/2018\/01\/diario-int-23136-2.jpg 680w, https:\/\/diarioregionaldigital.com.br\/wp-content\/uploads\/2018\/01\/diario-int-23136-2-300x199.jpg 300w, https:\/\/diarioregionaldigital.com.br\/wp-content\/uploads\/2018\/01\/diario-int-23136-2-360x238.jpg 360w\" sizes=\"auto, (max-width: 476px) 100vw, 476px\" \/><\/p>\n<p><img loading=\"lazy\" decoding=\"async\" class=\" size-full wp-image-89648\" src=\"http:\/\/diarioregionaljf.com.br\/wp-content\/uploads\/2018\/01\/diario-int-23136-3.jpg\" alt=\"reintegracaomstcp\" width=\"475\" height=\"314\" srcset=\"https:\/\/diarioregionaldigital.com.br\/wp-content\/uploads\/2018\/01\/diario-int-23136-3.jpg 680w, https:\/\/diarioregionaldigital.com.br\/wp-content\/uploads\/2018\/01\/diario-int-23136-3-300x199.jpg 300w, https:\/\/diarioregionaldigital.com.br\/wp-content\/uploads\/2018\/01\/diario-int-23136-3-360x238.jpg 360w\" sizes=\"auto, (max-width: 475px) 100vw, 475px\" \/><\/p>\n<p>Fotos: Divulga\u00e7\u00e3o \/ Pol\u00edcia Militar<\/p>\n","protected":false},"excerpt":{"rendered":"<p>Um grupo de oficiais da Justi\u00e7a, juntamente com refor\u00e7o da Pol\u00edcia Militar (PM), realizam desde a manh\u00e3 desta ter\u00e7a-feira, 15, uma reintegra\u00e7\u00e3o de posse na Fazenda S\u00e3o Jos\u00e9, ocupada pelo Movimento dos Trabalhadores Rurais Sem Terra (MST), na cidade de Coronel Pacheco, a aproximadamente 31 Km de dist\u00e2ncia de Juiz de Fora. A ocupa\u00e7\u00e3o vinha [&hellip;]<\/p>\n","protected":false},"author":96,"featured_media":89645,"comment_status":"closed","ping_status":"closed","sticky":false,"template":"","format":"standard","meta":{"footnotes":""},"categories":[252],"tags":[],"class_list":["post-89649","post","type-post","status-publish","format-standard","has-post-thumbnail","hentry","category-regiao"],"_links":{"self":[{"href":"https:\/\/diarioregionaldigital.com.br\/index.php?rest_route=\/wp\/v2\/posts\/89649","targetHints":{"allow":["GET"]}}],"collection":[{"href":"https:\/\/diarioregionaldigital.com.br\/index.php?rest_route=\/wp\/v2\/posts"}],"about":[{"href":"https:\/\/diarioregionaldigital.com.br\/index.php?rest_route=\/wp\/v2\/types\/post"}],"author":[{"embeddable":true,"href":"https:\/\/diarioregionaldigital.com.br\/index.php?rest_route=\/wp\/v2\/users\/96"}],"replies":[{"embeddable":true,"href":"https:\/\/diarioregionaldigital.com.br\/index.php?rest_route=%2Fwp%2Fv2%2Fcomments&post=89649"}],"version-history":[{"count":0,"href":"https:\/\/diarioregionaldigital.com.br\/index.php?rest_route=\/wp\/v2\/posts\/89649\/revisions"}],"wp:featuredmedia":[{"embeddable":true,"href":"https:\/\/diarioregionaldigital.com.br\/index.php?rest_route=\/wp\/v2\/media\/89645"}],"wp:attachment":[{"href":"https:\/\/diarioregionaldigital.com.br\/index.php?rest_route=%2Fwp%2Fv2%2Fmedia&parent=89649"}],"wp:term":[{"taxonomy":"category","embeddable":true,"href":"https:\/\/diarioregionaldigital.com.br\/index.php?rest_route=%2Fwp%2Fv2%2Fcategories&post=89649"},{"taxonomy":"post_tag","embeddable":true,"href":"https:\/\/diarioregionaldigital.com.br\/index.php?rest_route=%2Fwp%2Fv2%2Ftags&post=89649"}],"curies":[{"name":"wp","href":"https:\/\/api.w.org\/{rel}","templated":true}]}}