{"id":89644,"date":"2018-01-16T14:35:16","date_gmt":"2018-01-16T16:35:16","guid":{"rendered":"http:\/\/diarioregionaljf.com.br\/2018\/01\/16\/dois-macacos-sao-encontrados-mortos-em-comunidade-proximo-a-ibitipoca\/"},"modified":"2018-01-16T14:35:16","modified_gmt":"2018-01-16T16:35:16","slug":"dois-macacos-sao-encontrados-mortos-em-comunidade-proximo-a-ibitipoca","status":"publish","type":"post","link":"https:\/\/diarioregionaldigital.com.br\/?p=89644","title":{"rendered":"Dois macacos s\u00e3o encontrados mortos em comunidade pr\u00f3ximo a Ibitipoca"},"content":{"rendered":"<p>Dois macacos foram encontrados mortos no \u00faltimo s\u00e1bado, 13, na comunidade de Andorinhas, localizada pr\u00f3ximo \u00e0 cidade de Ibitipoca, distrito de Lima Duarte. A informa\u00e7\u00e3o foi divulgada pela Prefeitura Municipal de Lima Duarte, nesta ter\u00e7a-feira, 16.<\/p>\n<p>De acordo com a nota publicada, a Secretaria de Sa\u00fade recebeu a informa\u00e7\u00e3o e encaminhou uma equipe da Vigil\u00e2ncia Epidemiol\u00f3gica de Lima Duarte at\u00e9 o local e constatou que um dos primatas j\u00e1 havia sido arrastado pelas \u00e1guas e que o outro estava em avan\u00e7ado estado de decomposi\u00e7\u00e3o, o que impossibilitou a coleta do material gen\u00e9tico. Os casos foram notificados e informados \u00e0 Superintend\u00eancia Regional de Sa\u00fade (SRS) de Juiz de Fora.<\/p>\n<p>Diante disso, a equipe volante da Secretaria de Sa\u00fade, que j\u00e1 est\u00e1 realizando vacina\u00e7\u00e3o nas comunidades de Cachoeira de S\u00e3o Bento e Monte Verde, onde outros dois macacos foram encontrados mortos, tamb\u00e9m ir\u00e1 \u00e0 comunidade de Andorinhas at\u00e9 a pr\u00f3xima sexta-feira, 19, realizar vacina\u00e7\u00e3o de casa em casa.<\/p>\n<p>A Prefeitura de Lima Duarte refor\u00e7a que \u00e9 muito importante que aqueles que ainda n\u00e3o foram imunizados, procurem se vacinar o quanto antes, principalmente os moradores da zona rural.<\/p>\n","protected":false},"excerpt":{"rendered":"<p>Dois macacos foram encontrados mortos no \u00faltimo s\u00e1bado, 13, na comunidade de Andorinhas, localizada pr\u00f3ximo \u00e0 cidade de Ibitipoca, distrito de Lima Duarte. A informa\u00e7\u00e3o foi divulgada pela Prefeitura Municipal de Lima Duarte, nesta ter\u00e7a-feira, 16. De acordo com a nota publicada, a Secretaria de Sa\u00fade recebeu a informa\u00e7\u00e3o e encaminhou uma equipe da Vigil\u00e2ncia [&hellip;]<\/p>\n","protected":false},"author":96,"featured_media":89643,"comment_status":"closed","ping_status":"closed","sticky":false,"template":"","format":"standard","meta":{"footnotes":""},"categories":[252],"tags":[],"class_list":["post-89644","post","type-post","status-publish","format-standard","has-post-thumbnail","hentry","category-regiao"],"_links":{"self":[{"href":"https:\/\/diarioregionaldigital.com.br\/index.php?rest_route=\/wp\/v2\/posts\/89644","targetHints":{"allow":["GET"]}}],"collection":[{"href":"https:\/\/diarioregionaldigital.com.br\/index.php?rest_route=\/wp\/v2\/posts"}],"about":[{"href":"https:\/\/diarioregionaldigital.com.br\/index.php?rest_route=\/wp\/v2\/types\/post"}],"author":[{"embeddable":true,"href":"https:\/\/diarioregionaldigital.com.br\/index.php?rest_route=\/wp\/v2\/users\/96"}],"replies":[{"embeddable":true,"href":"https:\/\/diarioregionaldigital.com.br\/index.php?rest_route=%2Fwp%2Fv2%2Fcomments&post=89644"}],"version-history":[{"count":0,"href":"https:\/\/diarioregionaldigital.com.br\/index.php?rest_route=\/wp\/v2\/posts\/89644\/revisions"}],"wp:featuredmedia":[{"embeddable":true,"href":"https:\/\/diarioregionaldigital.com.br\/index.php?rest_route=\/wp\/v2\/media\/89643"}],"wp:attachment":[{"href":"https:\/\/diarioregionaldigital.com.br\/index.php?rest_route=%2Fwp%2Fv2%2Fmedia&parent=89644"}],"wp:term":[{"taxonomy":"category","embeddable":true,"href":"https:\/\/diarioregionaldigital.com.br\/index.php?rest_route=%2Fwp%2Fv2%2Fcategories&post=89644"},{"taxonomy":"post_tag","embeddable":true,"href":"https:\/\/diarioregionaldigital.com.br\/index.php?rest_route=%2Fwp%2Fv2%2Ftags&post=89644"}],"curies":[{"name":"wp","href":"https:\/\/api.w.org\/{rel}","templated":true}]}}