{"id":89642,"date":"2018-01-16T13:14:29","date_gmt":"2018-01-16T15:14:29","guid":{"rendered":"http:\/\/diarioregionaljf.com.br\/2018\/01\/16\/jovem-denuncia-companheiro-que-a-forcava-se-prostituir\/"},"modified":"2018-01-16T13:14:29","modified_gmt":"2018-01-16T15:14:29","slug":"jovem-denuncia-companheiro-que-a-forcava-se-prostituir","status":"publish","type":"post","link":"https:\/\/diarioregionaldigital.com.br\/?p=89642","title":{"rendered":"Jovem denuncia companheiro que a for\u00e7ava se prostituir"},"content":{"rendered":"<p>Uma jovem de 23 anos compareceu a um Posto de Pol\u00edcia Comunit\u00e1rio (PPC) na tarde desta segunda-feira, 15, a fim de realizar den\u00fancia de que estaria sendo for\u00e7ada a se prostituir. O caso foi registrado no bairro Santa Efig\u00eania, localizado na zona Sul.<\/p>\n<p>De acordo com o registro de ocorr\u00eancia da Pol\u00edcia Militar (PM), a jovem relatou que seu companheiro era o respons\u00e1vel por for\u00e7\u00e1-la a atuar na prostitui\u00e7\u00e3o.<\/p>\n<p>Ao ser averiguada a situa\u00e7\u00e3o, o autor, de 32 anos, passou a desacatar e desobedecer as ordens policiais, al\u00e9m de amea\u00e7ar as pessoas que estavam presentes no local. Ele foi contido, preso e encaminhado para a delegacia.<\/p>\n","protected":false},"excerpt":{"rendered":"<p>Uma jovem de 23 anos compareceu a um Posto de Pol\u00edcia Comunit\u00e1rio (PPC) na tarde desta segunda-feira, 15, a fim de realizar den\u00fancia de que estaria sendo for\u00e7ada a se prostituir. O caso foi registrado no bairro Santa Efig\u00eania, localizado na zona Sul. De acordo com o registro de ocorr\u00eancia da Pol\u00edcia Militar (PM), a [&hellip;]<\/p>\n","protected":false},"author":96,"featured_media":89641,"comment_status":"closed","ping_status":"closed","sticky":false,"template":"","format":"standard","meta":{"footnotes":""},"categories":[301],"tags":[],"class_list":["post-89642","post","type-post","status-publish","format-standard","has-post-thumbnail","hentry","category-artigos-policiais"],"_links":{"self":[{"href":"https:\/\/diarioregionaldigital.com.br\/index.php?rest_route=\/wp\/v2\/posts\/89642","targetHints":{"allow":["GET"]}}],"collection":[{"href":"https:\/\/diarioregionaldigital.com.br\/index.php?rest_route=\/wp\/v2\/posts"}],"about":[{"href":"https:\/\/diarioregionaldigital.com.br\/index.php?rest_route=\/wp\/v2\/types\/post"}],"author":[{"embeddable":true,"href":"https:\/\/diarioregionaldigital.com.br\/index.php?rest_route=\/wp\/v2\/users\/96"}],"replies":[{"embeddable":true,"href":"https:\/\/diarioregionaldigital.com.br\/index.php?rest_route=%2Fwp%2Fv2%2Fcomments&post=89642"}],"version-history":[{"count":0,"href":"https:\/\/diarioregionaldigital.com.br\/index.php?rest_route=\/wp\/v2\/posts\/89642\/revisions"}],"wp:featuredmedia":[{"embeddable":true,"href":"https:\/\/diarioregionaldigital.com.br\/index.php?rest_route=\/wp\/v2\/media\/89641"}],"wp:attachment":[{"href":"https:\/\/diarioregionaldigital.com.br\/index.php?rest_route=%2Fwp%2Fv2%2Fmedia&parent=89642"}],"wp:term":[{"taxonomy":"category","embeddable":true,"href":"https:\/\/diarioregionaldigital.com.br\/index.php?rest_route=%2Fwp%2Fv2%2Fcategories&post=89642"},{"taxonomy":"post_tag","embeddable":true,"href":"https:\/\/diarioregionaldigital.com.br\/index.php?rest_route=%2Fwp%2Fv2%2Ftags&post=89642"}],"curies":[{"name":"wp","href":"https:\/\/api.w.org\/{rel}","templated":true}]}}