{"id":89640,"date":"2018-01-16T13:06:48","date_gmt":"2018-01-16T15:06:48","guid":{"rendered":"http:\/\/diarioregionaljf.com.br\/2018\/01\/16\/juiz-foranos-sao-convocados-para-vacinacao-contra-febre-amarela\/"},"modified":"2018-01-16T13:06:48","modified_gmt":"2018-01-16T15:06:48","slug":"juiz-foranos-sao-convocados-para-vacinacao-contra-febre-amarela","status":"publish","type":"post","link":"https:\/\/diarioregionaldigital.com.br\/?p=89640","title":{"rendered":"Juiz-foranos s\u00e3o convocados para vacina\u00e7\u00e3o contra febre amarela"},"content":{"rendered":"<p>O resultado laboratorial de tr\u00eas amostras de macacos encontrados mortos em Juiz de Fora apontam febre amarela como causa. Os casos positivos s\u00e3o dos animais encontrados no Bairro Previdenci\u00e1rios (2017), do Museu Mariano Proc\u00f3pio (dia 3) e de Palmital (8). Diante disso, o Museu Mariano Proc\u00f3pio permanecer\u00e1 fechado por 60 dias, at\u00e9 in\u00edcio de mar\u00e7o, quando o Departamento de Vigil\u00e2ncia Epidemiol\u00f3gica da Subsecretaria de Vigil\u00e2ncia em Sa\u00fade far\u00e1 nova avalia\u00e7\u00e3o. N\u00e3o h\u00e1 necessidade de a\u00e7\u00f5es extras, devido aos trabalhos de controle j\u00e1 executados nos locais imediatamente ap\u00f3s o registro das mortes.<\/p>\n<p>A Prefeitura de Juiz de Fora (PJF), por meio da Secretaria de Sa\u00fade (SS), vem atuando no monitoramento da febre amarela e antecipando os protocolos de a\u00e7\u00f5es preventivas, buscando o bloqueio da cidade e a prote\u00e7\u00e3o da popula\u00e7\u00e3o, desde o ano passado. As a\u00e7\u00f5es foram iniciadas no final de outubro de 2017, quando novos casos de epizootias come\u00e7aram a surgir. No entanto, a cobertura vacinal \u00e9 a forma mais efetiva de prote\u00e7\u00e3o. Portanto, \u00e9 fundamental que as pessoas que nunca tomaram dose da vacina procurem os postos para se imunizarem.<\/p>\n<p><span style=\"font-size: 18pt;\">PJF abre postos extras para ampliar cobertura<\/span><\/p>\n<p>Desde o dia 4, at\u00e9 s\u00e1bado, 13, cinco postos extras foram montados para vacina\u00e7\u00e3o contra a febre amarela, atingindo 2.675 pessoas, com idades entre nove meses e 59 anos. Quatro deles funcionaram durante a semana: Centro Cultural \u201cDnar Rocha\u201d (Bairro Mariano Proc\u00f3pio), p\u00e1tios dos supermercados Bahamas (Manoel Hon\u00f3rio) e Bretas (Santa Terezinha) e da Igreja Quadrangular (Democratas), nos quais foram imunizadas 2.191 pessoas. No s\u00e1bado, 484 procuraram o Espa\u00e7o Cidad\u00e3o, no Centro, para tomar a vacina.<br \/>A cobertura vacinal para a febre amarela no munic\u00edpio est\u00e1 estimada em 89,85%.<\/p>\n<p><span style=\"font-size: 18pt;\">Outras a\u00e7\u00f5es contra febre amarela<\/span><\/p>\n<p>Al\u00e9m de intensificar a vacina\u00e7\u00e3o desde o dia 4, a Secretaria de Sa\u00fade adotou bloqueios nas \u00e1reas urbanas, onde macacos foram encontrados mortos, antecipando as a\u00e7\u00f5es previstas em casos de amostras positivas para febre amarela e seguindo as orienta\u00e7\u00f5es definidas em protocolo da Secretaria de Estado de Sa\u00fade (SES) e do Minist\u00e9rio da Sa\u00fade. A aplica\u00e7\u00e3o de inseticida j\u00e1 foi realizada nos bairros Mariano Proc\u00f3pio, Previdenci\u00e1rios e Vitorino Braga, al\u00e9m da Universidade Federal de Juiz de Fora (UFJF). Na \u00e1rea rural, a Subsecretaria de Vigil\u00e2ncia em Sa\u00fade j\u00e1 havia intensificado as a\u00e7\u00f5es de bloqueio e busca ativa de vacina\u00e7\u00e3o em novembro e dezembro de 2017, nas 14 regi\u00f5es.<\/p>\n<p>Este ano, at\u00e9 esta segunda-feira, 15, foram encontrados nove macacos mortos em Juiz de Fora: dois no Museu Mariano Proc\u00f3pio (sendo um atropelado), um no Bairro Vitorino Braga, um no Distrito de Ros\u00e1rio de Minas, um em Palmital, um na UFJF (tamb\u00e9m atropelado), umem Retiro e dois em Linhares, m\u00e3e e filhote. Foram enviadas seis amostras para an\u00e1lise junto a Funda\u00e7\u00e3o \u201cEzequiel Dias\u201d (Funed), em Belo Horizonte. As demais foram descartadas, devido ao estado avan\u00e7ado de decomposi\u00e7\u00e3o em que os animais foram encontrados.<\/p>\n<p>Confira no <a href=\"https:\/\/www.pjf.mg.gov.br\/noticias\/anexo\/febre_amarela.pdf\">anexo<\/a> a tabela de macacos encontrados desde outubro de 2017<\/p>\n<p>Fonte: Assessoria \/ PJF<\/p>\n","protected":false},"excerpt":{"rendered":"<p>O resultado laboratorial de tr\u00eas amostras de macacos encontrados mortos em Juiz de Fora apontam febre amarela como causa. Os casos positivos s\u00e3o dos animais encontrados no Bairro Previdenci\u00e1rios (2017), do Museu Mariano Proc\u00f3pio (dia 3) e de Palmital (8). Diante disso, o Museu Mariano Proc\u00f3pio permanecer\u00e1 fechado por 60 dias, at\u00e9 in\u00edcio de mar\u00e7o, [&hellip;]<\/p>\n","protected":false},"author":96,"featured_media":89639,"comment_status":"closed","ping_status":"closed","sticky":false,"template":"","format":"standard","meta":{"footnotes":""},"categories":[253],"tags":[],"class_list":["post-89640","post","type-post","status-publish","format-standard","has-post-thumbnail","hentry","category-cidade"],"_links":{"self":[{"href":"https:\/\/diarioregionaldigital.com.br\/index.php?rest_route=\/wp\/v2\/posts\/89640","targetHints":{"allow":["GET"]}}],"collection":[{"href":"https:\/\/diarioregionaldigital.com.br\/index.php?rest_route=\/wp\/v2\/posts"}],"about":[{"href":"https:\/\/diarioregionaldigital.com.br\/index.php?rest_route=\/wp\/v2\/types\/post"}],"author":[{"embeddable":true,"href":"https:\/\/diarioregionaldigital.com.br\/index.php?rest_route=\/wp\/v2\/users\/96"}],"replies":[{"embeddable":true,"href":"https:\/\/diarioregionaldigital.com.br\/index.php?rest_route=%2Fwp%2Fv2%2Fcomments&post=89640"}],"version-history":[{"count":0,"href":"https:\/\/diarioregionaldigital.com.br\/index.php?rest_route=\/wp\/v2\/posts\/89640\/revisions"}],"wp:featuredmedia":[{"embeddable":true,"href":"https:\/\/diarioregionaldigital.com.br\/index.php?rest_route=\/wp\/v2\/media\/89639"}],"wp:attachment":[{"href":"https:\/\/diarioregionaldigital.com.br\/index.php?rest_route=%2Fwp%2Fv2%2Fmedia&parent=89640"}],"wp:term":[{"taxonomy":"category","embeddable":true,"href":"https:\/\/diarioregionaldigital.com.br\/index.php?rest_route=%2Fwp%2Fv2%2Fcategories&post=89640"},{"taxonomy":"post_tag","embeddable":true,"href":"https:\/\/diarioregionaldigital.com.br\/index.php?rest_route=%2Fwp%2Fv2%2Ftags&post=89640"}],"curies":[{"name":"wp","href":"https:\/\/api.w.org\/{rel}","templated":true}]}}