{"id":89636,"date":"2018-01-16T11:50:51","date_gmt":"2018-01-16T13:50:51","guid":{"rendered":"http:\/\/diarioregionaljf.com.br\/2018\/01\/16\/trecho-da-br-040-tera-interdicoes-diarias-para-obras-de-contencao\/"},"modified":"2018-01-16T11:50:51","modified_gmt":"2018-01-16T13:50:51","slug":"trecho-da-br-040-tera-interdicoes-diarias-para-obras-de-contencao","status":"publish","type":"post","link":"https:\/\/diarioregionaldigital.com.br\/?p=89636","title":{"rendered":"Trecho da BR-040 ter\u00e1 interdi\u00e7\u00f5es di\u00e1rias para obras de conten\u00e7\u00e3o"},"content":{"rendered":"<p>A obra de conten\u00e7\u00e3o de encosta que a Concer, empresa que atua no trecho, executa no km 49,5 da BR-040, em Pedro do Rio, distrito de Petr\u00f3polis (RJ), no sentido RJ, vem realizando interdi\u00e7\u00f5es tempor\u00e1rias, com hor\u00e1rios fixos, desde esta segunda-feira, 15.<\/p>\n<p>O objetivo da interdi\u00e7\u00e3o \u00e9 garantir maior seguran\u00e7a aos motoristas durante a remo\u00e7\u00e3o de blocos de pedra soltos ou inst\u00e1veis existentes na encosta, na qual est\u00e1 sendo realizada uma obra de conten\u00e7\u00e3o. A estabiliza\u00e7\u00e3o da encosta come\u00e7ou em dezembro e est\u00e1 prevista para ser conclu\u00edda em mar\u00e7o.<\/p>\n<p>As interdi\u00e7\u00f5es pontuais, em ambos os sentidos da rodovia, j\u00e1 ocorrem desde o final do ano passado, mas a partir de semana que vem a interrup\u00e7\u00e3o total do fluxo de tr\u00e1fego no trecho se dar\u00e1 de segunda a sexta, \u00e0s 9h, 11h, 14h e 16h, cada uma com dura\u00e7\u00e3o de 30 minutos.<\/p>\n<p>Para informa\u00e7\u00f5es atualizadas ou tirar d\u00favidas, os canais de comunica\u00e7\u00e3o da Concer est\u00e3o \u00e0 disposi\u00e7\u00e3o:<\/p>\n<p>Central de Atendimento (0800-2820040 ou 0800-2810041 para os portadores de defici\u00eancia auditiva e de fala)<\/p>\n<p>WhatsApp (trecho Itaipava-Juiz de Fora \u2013 21-99784-8115 | Trecho da Serra \u2013 21-97288-3912 | Duque de Caxias \u2013 21-99724-2655) ou o App Conc.<\/p>\n<p>Fonte: Concer<\/p>\n","protected":false},"excerpt":{"rendered":"<p>A obra de conten\u00e7\u00e3o de encosta que a Concer, empresa que atua no trecho, executa no km 49,5 da BR-040, em Pedro do Rio, distrito de Petr\u00f3polis (RJ), no sentido RJ, vem realizando interdi\u00e7\u00f5es tempor\u00e1rias, com hor\u00e1rios fixos, desde esta segunda-feira, 15. O objetivo da interdi\u00e7\u00e3o \u00e9 garantir maior seguran\u00e7a aos motoristas durante a remo\u00e7\u00e3o [&hellip;]<\/p>\n","protected":false},"author":96,"featured_media":89635,"comment_status":"closed","ping_status":"closed","sticky":false,"template":"","format":"standard","meta":{"footnotes":""},"categories":[252],"tags":[],"class_list":["post-89636","post","type-post","status-publish","format-standard","has-post-thumbnail","hentry","category-regiao"],"_links":{"self":[{"href":"https:\/\/diarioregionaldigital.com.br\/index.php?rest_route=\/wp\/v2\/posts\/89636","targetHints":{"allow":["GET"]}}],"collection":[{"href":"https:\/\/diarioregionaldigital.com.br\/index.php?rest_route=\/wp\/v2\/posts"}],"about":[{"href":"https:\/\/diarioregionaldigital.com.br\/index.php?rest_route=\/wp\/v2\/types\/post"}],"author":[{"embeddable":true,"href":"https:\/\/diarioregionaldigital.com.br\/index.php?rest_route=\/wp\/v2\/users\/96"}],"replies":[{"embeddable":true,"href":"https:\/\/diarioregionaldigital.com.br\/index.php?rest_route=%2Fwp%2Fv2%2Fcomments&post=89636"}],"version-history":[{"count":0,"href":"https:\/\/diarioregionaldigital.com.br\/index.php?rest_route=\/wp\/v2\/posts\/89636\/revisions"}],"wp:featuredmedia":[{"embeddable":true,"href":"https:\/\/diarioregionaldigital.com.br\/index.php?rest_route=\/wp\/v2\/media\/89635"}],"wp:attachment":[{"href":"https:\/\/diarioregionaldigital.com.br\/index.php?rest_route=%2Fwp%2Fv2%2Fmedia&parent=89636"}],"wp:term":[{"taxonomy":"category","embeddable":true,"href":"https:\/\/diarioregionaldigital.com.br\/index.php?rest_route=%2Fwp%2Fv2%2Fcategories&post=89636"},{"taxonomy":"post_tag","embeddable":true,"href":"https:\/\/diarioregionaldigital.com.br\/index.php?rest_route=%2Fwp%2Fv2%2Ftags&post=89636"}],"curies":[{"name":"wp","href":"https:\/\/api.w.org\/{rel}","templated":true}]}}